{"id":129,"date":"2023-05-30T21:39:46","date_gmt":"2023-05-31T00:39:46","guid":{"rendered":"https:\/\/noticiatotal.net\/?p=129"},"modified":"2023-06-22T21:13:52","modified_gmt":"2023-06-23T00:13:52","slug":"explicacao-cientifica-para-o-fenomeno-conhecido-como-a-estrela-de-belem","status":"publish","type":"post","link":"https:\/\/noticiatotal.net\/index.php\/2023\/05\/30\/explicacao-cientifica-para-o-fenomeno-conhecido-como-a-estrela-de-belem\/","title":{"rendered":"Explica\u00e7\u00e3o cient\u00edfica para o fen\u00f4meno conhecido como a Estrela de Bel\u00e9m?"},"content":{"rendered":"<h3><span style=\"font-family: arial, helvetica, sans-serif;\">Ao longo de muitos s\u00e9culos, especialistas t\u00eam levantado a possibilidade de que a suposta Estrela de Bel\u00e9m poderia ter sido uma &#8220;conjun\u00e7\u00e3o not\u00e1vel&#8221; formada por planetas de brilho intenso.<\/span><\/h3>\n<figure id=\"attachment_130\" aria-describedby=\"caption-attachment-130\" style=\"width: 1024px\" class=\"wp-caption alignnone\"><img loading=\"lazy\" decoding=\"async\" class=\"size-large wp-image-130\" src=\"https:\/\/noticiatotal.net\/wp-content\/uploads\/2023\/05\/davi-1024x683.jpg\" alt=\"\" width=\"1024\" height=\"683\" srcset=\"https:\/\/noticiatotal.net\/wp-content\/uploads\/2023\/05\/davi-1024x683.jpg 1024w, https:\/\/noticiatotal.net\/wp-content\/uploads\/2023\/05\/davi-300x200.jpg 300w, https:\/\/noticiatotal.net\/wp-content\/uploads\/2023\/05\/davi-768x512.jpg 768w, https:\/\/noticiatotal.net\/wp-content\/uploads\/2023\/05\/davi.jpg 1200w\" sizes=\"auto, (max-width: 1024px) 100vw, 1024px\" \/><figcaption id=\"caption-attachment-130\" class=\"wp-caption-text\"><span style=\"font-family: arial, helvetica, sans-serif;\">FOTO GAIACIENCIA<\/span><\/figcaption><\/figure>\n<p><span style=\"font-family: arial, helvetica, sans-serif; font-size: 14pt;\">Voc\u00ea considera vi\u00e1vel encontrar uma explica\u00e7\u00e3o para a exist\u00eancia da Estrela de Bel\u00e9m? Essa discuss\u00e3o voltou \u00e0 tona ap\u00f3s uma recente ocorr\u00eancia de uma &#8220;conjun\u00e7\u00e3o not\u00e1vel&#8221; entre J\u00fapiter e Saturno, algo que n\u00e3o ocorria h\u00e1 quase 800 anos.<\/span><\/p>\n<p><span style=\"font-family: arial, helvetica, sans-serif; font-size: 14pt;\">Durante esse evento, os dois planetas estiveram t\u00e3o pr\u00f3ximos no c\u00e9u noturno que quase pareciam se fundir em um \u00fanico objeto. Essa conjun\u00e7\u00e3o peculiar recebeu o apelido de &#8220;Estrela de Natal&#8221; por alguns, o que levantou questionamentos sobre a possibilidade de um evento celeste semelhante ter ocorrido durante o primeiro Natal mencionado na B\u00edblia, conhecido como a Estrela de Bel\u00e9m.<\/span><\/p>\n<p><span style=\"font-family: arial, helvetica, sans-serif; font-size: 14pt;\">No entanto, ser\u00e1 que essa configura\u00e7\u00e3o c\u00f3smica realmente aconteceu? E se aconteceu, o que a ci\u00eancia astron\u00f4mica nos revela sobre a poss\u00edvel causa?<\/span><\/p>\n<p><span style=\"font-family: arial, helvetica, sans-serif; font-size: 14pt;\">Curiosamente, existem algumas evid\u00eancias de que um par de conjun\u00e7\u00f5es planet\u00e1rias, semelhantes \u00e0 Grande Conjun\u00e7\u00e3o recente, ocorreu por volta da \u00e9poca historicamente aceita para o nascimento de Cristo. Essas conjun\u00e7\u00f5es podem potencialmente oferecer uma explica\u00e7\u00e3o para a exist\u00eancia da Estrela de Bel\u00e9m. No entanto, \u00e9 importante destacar que nem todos concordam com essa teoria.<\/span><\/p>\n<figure id=\"attachment_131\" aria-describedby=\"caption-attachment-131\" style=\"width: 1024px\" class=\"wp-caption alignnone\"><img loading=\"lazy\" decoding=\"async\" class=\"size-large wp-image-131\" src=\"https:\/\/noticiatotal.net\/wp-content\/uploads\/2023\/05\/davi_2-1024x683.jpg\" alt=\"\" width=\"1024\" height=\"683\" srcset=\"https:\/\/noticiatotal.net\/wp-content\/uploads\/2023\/05\/davi_2-1024x683.jpg 1024w, https:\/\/noticiatotal.net\/wp-content\/uploads\/2023\/05\/davi_2-300x200.jpg 300w, https:\/\/noticiatotal.net\/wp-content\/uploads\/2023\/05\/davi_2-768x512.jpg 768w, https:\/\/noticiatotal.net\/wp-content\/uploads\/2023\/05\/davi_2.jpg 1200w\" sizes=\"auto, (max-width: 1024px) 100vw, 1024px\" \/><figcaption id=\"caption-attachment-131\" class=\"wp-caption-text\"><span style=\"font-family: arial, helvetica, sans-serif;\">FOTO PAROQUIA S\u00c3O FRANCISCO<\/span><\/figcaption><\/figure>\n<h3><span style=\"font-family: arial, helvetica, sans-serif;\">A ESTRELA<\/span><\/h3>\n<p>&nbsp;<\/p>\n<p><span style=\"font-family: arial, helvetica, sans-serif; font-size: 14pt;\">A narrativa da Estrela de Bel\u00e9m \u00e9 mencionada exclusivamente no livro de Mateus. Segundo o evangelho, uma estrela luminosa apareceu no c\u00e9u oriental quando Jesus nasceu, chamando a aten\u00e7\u00e3o de um grupo de s\u00e1bios.<\/span><\/p>\n<p><span style=\"font-family: arial, helvetica, sans-serif; font-size: 14pt;\">Esses s\u00e1bios, conhecidos como &#8220;Magos&#8221; na B\u00edblia, tamb\u00e9m s\u00e3o representados em pres\u00e9pios ao redor do mundo. De acordo com a hist\u00f3ria b\u00edblica, eles interpretaram a nova estrela como um sinal do nascimento do Rei dos Judeus e decidiram viajar para Jerusal\u00e9m para ador\u00e1-Lo.<\/span><\/p>\n<p><span style=\"font-family: arial, helvetica, sans-serif; font-size: 14pt;\">Ao chegarem, eles procuraram Herodes, o governante nomeado por Roma, para perguntar sobre o paradeiro do beb\u00ea Jesus. Segundo o relato de Mateus, eles mencionaram ter visto a estrela do rei dos judeus surgir no Oriente.<\/span><\/p>\n<p><span style=\"font-family: arial, helvetica, sans-serif; font-size: 14pt;\">No entanto, Herodes ficou perturbado com essa informa\u00e7\u00e3o e tamb\u00e9m buscou descobrir onde Jesus havia nascido com a ajuda de seus pr\u00f3prios s\u00e1bios.<\/span><\/p>\n<p><span style=\"font-family: arial, helvetica, sans-serif; font-size: 14pt;\">Posteriormente, Herodes convocou os tr\u00eas s\u00e1bios para perguntar quando exatamente a estrela havia aparecido. Baseado na profecia de Miqu\u00e9ias, que indicava que o Messias nasceria em Bel\u00e9m, Herodes enviou o trio em busca de Jesus naquela cidade.<\/span><\/p>\n<p><span style=\"font-family: arial, helvetica, sans-serif; font-size: 14pt;\">Infelizmente, Herodes tamb\u00e9m ordenou a terr\u00edvel trag\u00e9dia da matan\u00e7a de crian\u00e7as em Bel\u00e9m, numa tentativa de eliminar Jesus.<\/span><\/p>\n<p><span style=\"font-family: arial, helvetica, sans-serif; font-size: 14pt;\">Conforme o relato de Mateus: &#8220;Quando ouviram o rei, partiram; e eis que a estrela que tinham visto no Oriente ia adiante deles, at\u00e9 que, chegando, se deteve sobre o lugar onde estava o menino. Ao verem a estrela, sentiram uma grande alegria&#8221;, de acordo com a passagem b\u00edblica.<\/span><\/p>\n<h3><span style=\"font-family: arial, helvetica, sans-serif;\">ELA EXISTIU?<\/span><\/h3>\n<p>&nbsp;<\/p>\n<p><span style=\"font-family: arial, helvetica, sans-serif; font-size: 14pt;\">Ao longo dos tempos, pesquisadores dedicaram-se a explorar registros hist\u00f3ricos em busca de ind\u00edcios que possam esclarecer a exist\u00eancia da Estrela de Bel\u00e9m.<\/span><\/p>\n<p><span style=\"font-family: arial, helvetica, sans-serif; font-size: 14pt;\">Desde o s\u00e9culo XIII, especialistas t\u00eam debatido v\u00e1rias teorias sobre as poss\u00edveis causas desse fen\u00f4meno. Alguns sugerem que poderia ter sido uma supernova, um cometa, uma erup\u00e7\u00e3o solar ou at\u00e9 mesmo um alinhamento planet\u00e1rio.<\/span><\/p>\n<p><span style=\"font-family: arial, helvetica, sans-serif; font-size: 14pt;\">Contudo, tamb\u00e9m \u00e9 v\u00e1lido considerar a possibilidade de que esse evento nunca tenha ocorrido. A verdade \u00e9 que a ci\u00eancia provavelmente nunca ser\u00e1 capaz de fornecer uma resposta definitiva.<\/span><\/p>\n<p><span style=\"font-family: arial, helvetica, sans-serif; font-size: 14pt;\">No entanto, vamos explorar a hip\u00f3tese de que a Estrela de Bel\u00e9m tenha sido um evento celestial real. Existem algumas explica\u00e7\u00f5es cient\u00edficas que poderiam dar conta desse fen\u00f4meno?<\/span><\/p>\n<p><span style=\"font-family: arial, helvetica, sans-serif; font-size: 14pt;\">Embora a narrativa seja vaga, ela oferece algumas pistas. Alguns cen\u00e1rios podem ser facilmente descartados.<\/span><\/p>\n<p><span style=\"font-family: arial, helvetica, sans-serif; font-size: 14pt;\">Por exemplo, a Estrela de Bel\u00e9m n\u00e3o poderia ter sido um meteoro, um objeto espacial que queima intensamente ao entrar na atmosfera terrestre e desaparece rapidamente. Seria improv\u00e1vel que os tr\u00eas s\u00e1bios pudessem acompanhar um meteoro por semanas.<\/span><\/p>\n<p><span style=\"font-family: arial, helvetica, sans-serif; font-size: 14pt;\">Al\u00e9m disso, \u00e9 pouco prov\u00e1vel que uma supernova, a explos\u00e3o violenta de uma estrela que aumenta significativamente seu brilho durante dias, semanas ou meses, seja capaz de explicar a Estrela de Bel\u00e9m.<\/span><\/p>\n<p>&nbsp;<\/p>\n<figure id=\"attachment_132\" aria-describedby=\"caption-attachment-132\" style=\"width: 1024px\" class=\"wp-caption alignnone\"><img loading=\"lazy\" decoding=\"async\" class=\"size-large wp-image-132\" src=\"https:\/\/noticiatotal.net\/wp-content\/uploads\/2023\/05\/davi_3-1024x683.jpg\" alt=\"\" width=\"1024\" height=\"683\" srcset=\"https:\/\/noticiatotal.net\/wp-content\/uploads\/2023\/05\/davi_3-1024x683.jpg 1024w, https:\/\/noticiatotal.net\/wp-content\/uploads\/2023\/05\/davi_3-300x200.jpg 300w, https:\/\/noticiatotal.net\/wp-content\/uploads\/2023\/05\/davi_3-768x512.jpg 768w, https:\/\/noticiatotal.net\/wp-content\/uploads\/2023\/05\/davi_3.jpg 1200w\" sizes=\"auto, (max-width: 1024px) 100vw, 1024px\" \/><figcaption id=\"caption-attachment-132\" class=\"wp-caption-text\"><span style=\"font-family: arial, helvetica, sans-serif;\">FOTO UOL<\/span><\/figcaption><\/figure>\n<h3><span style=\"font-family: arial, helvetica, sans-serif;\">SUPERNOVA<\/span><\/h3>\n<p>&nbsp;<\/p>\n<p><span style=\"font-family: arial, helvetica, sans-serif; font-size: 14pt;\">Ao longo dos mil\u00eanios, as supernovas t\u00eam sido observadas e documentadas de forma consistente. Se uma supernova tivesse ocorrido durante o nascimento de Jesus, \u00e9 prov\u00e1vel que outras culturas tamb\u00e9m tivessem notado esse evento.<\/span><\/p>\n<p><span style=\"font-family: arial, helvetica, sans-serif; font-size: 14pt;\">Embora haja aqueles que questionam a precis\u00e3o dos registros hist\u00f3ricos, os astr\u00f4nomos modernos afirmam ter encontrado v\u00e1rias evid\u00eancias de supernovas antigas. Ao estimar o brilho m\u00e1ximo desses eventos, os pesquisadores at\u00e9 identificaram alguns remanescentes associados a observa\u00e7\u00f5es hist\u00f3ricas na Terra.<\/span><\/p>\n<p><span style=\"font-family: arial, helvetica, sans-serif; font-size: 14pt;\">No entanto, os registros astron\u00f4micos n\u00e3o encontraram ind\u00edcios de uma supernova que possa estar relacionada \u00e0 &#8220;Estrela de Bel\u00e9m&#8221; original.<\/span><\/p>\n<p><span style=\"font-family: arial, helvetica, sans-serif; font-size: 14pt;\">Na verdade, a \u00fanica supernova vis\u00edvel a partir da Terra no momento do nascimento de Cristo ocorreu em 185 DC e foi registrada por astr\u00f4nomos chineses. Essa descoberta descarta a possibilidade de uma supernova espec\u00edfica ter sido a respons\u00e1vel pela Estrela de Bel\u00e9m mencionada nos relatos b\u00edblicos.<\/span><\/p>\n<h3><span style=\"font-family: arial, helvetica, sans-serif;\">SERIA UM MITO OU REALIDADE?<\/span><\/h3>\n<p>&nbsp;<\/p>\n<p><span style=\"font-family: arial, helvetica, sans-serif; font-size: 14pt;\">Desde ent\u00e3o, v\u00e1rias pessoas apaixonadas por astronomia e astr\u00f4nomos amadores apontaram para diferentes configura\u00e7\u00f5es celestiais que ocorreram na mesma \u00e9poca, sugerindo que os astr\u00f3logos antigos atribu\u00edram significado a esses eventos.<\/span><\/p>\n<p><span style=\"font-family: arial, helvetica, sans-serif; font-size: 14pt;\">Estrelas brilhantes e planetas se moviam atrav\u00e9s de constela\u00e7\u00f5es importantes, levando alguns a argumentar que a Estrela de Bel\u00e9m pode n\u00e3o ter sido um evento celestial em si.<\/span><\/p>\n<p><span style=\"font-family: arial, helvetica, sans-serif; font-size: 14pt;\">Em vez disso, argumenta-se que o conjunto de v\u00e1rios eventos astron\u00f4micos ao longo de v\u00e1rios anos pode ter levado os s\u00e1bios a interpretar os sinais como o nascimento de um novo rei.<\/span><\/p>\n<p><span style=\"font-family: arial, helvetica, sans-serif; font-size: 14pt;\">No entanto, \u00e9 importante observar que nenhum desses eventos se encaixa perfeitamente na descri\u00e7\u00e3o apresentada no livro de Mateus, al\u00e9m do fato de que o contexto hist\u00f3rico \u00e9 distante.<\/span><\/p>\n<p><span style=\"font-family: arial, helvetica, sans-serif; font-size: 14pt;\">Os povos antigos tinham um conhecimento razo\u00e1vel dos planetas, portanto, seria estranho referir-se a uma conjun\u00e7\u00e3o planet\u00e1ria como uma &#8220;estrela&#8221;.<\/span><\/p>\n<p><span style=\"font-family: arial, helvetica, sans-serif; font-size: 14pt;\">Al\u00e9m disso, \u00e9 dif\u00edcil imaginar como Herodes teria sido pego de surpresa por tr\u00eas s\u00e1bios informando-o sobre uma nova estrela; certamente ele teria notado qualquer objeto brilhante ou \u00f3bvio no c\u00e9u.<\/span><\/p>\n<p><span style=\"font-family: arial, helvetica, sans-serif; font-size: 14pt;\">Vale ressaltar que, de acordo com a B\u00edblia, a astrologia \u00e9 considerada her\u00e9tica, o que torna a ideia de interpretar o significado das estrelas um tanto suspeita desde o in\u00edcio.<\/span><\/p>\n<p><span style=\"font-family: arial, helvetica, sans-serif; font-size: 14pt;\">No final, provavelmente nunca saberemos com certeza o que realmente inspirou a hist\u00f3ria b\u00edblica da Estrela de Bel\u00e9m.<\/span><\/p>\n<p><span style=\"font-family: arial, helvetica, sans-serif; font-size: 14pt;\">Felizmente, tivemos a oportunidade de testemunhar nossa pr\u00f3pria &#8220;estrela de Natal&#8221; em 21 de dezembro de 2020. Cada um de n\u00f3s pode decidir individualmente o que isso significa.<\/span><\/p>\n<p><span style=\"font-family: arial, helvetica, sans-serif; font-size: 14pt;\">E, independentemente de qualquer controv\u00e9rsia, todos esperamos que ela traga boas not\u00edcias de paz, alegria e amor. Certamente, estamos precisando delas agora.<\/span><\/p>\n","protected":false},"excerpt":{"rendered":"<p>Ao longo de muitos s\u00e9culos, especialistas t\u00eam levantado a possibilidade de que a suposta Estrela de Bel\u00e9m poderia ter sido uma &#8220;conjun\u00e7\u00e3o not\u00e1vel&#8221; formada por planetas de brilho intenso. Voc\u00ea considera vi\u00e1vel encontrar uma explica\u00e7\u00e3o para a exist\u00eancia da Estrela de Bel\u00e9m? Essa discuss\u00e3o voltou \u00e0 tona ap\u00f3s uma recente ocorr\u00eancia de uma &#8220;conjun\u00e7\u00e3o not\u00e1vel&#8221; &hellip;<\/p>\n<p class=\"read-more\"> <a class=\"\" href=\"https:\/\/noticiatotal.net\/index.php\/2023\/05\/30\/explicacao-cientifica-para-o-fenomeno-conhecido-como-a-estrela-de-belem\/\"> <span class=\"screen-reader-text\">Explica\u00e7\u00e3o cient\u00edfica para o fen\u00f4meno conhecido como a Estrela de Bel\u00e9m?<\/span> Leia mais &raquo;<\/a><\/p>\n","protected":false},"author":1,"featured_media":130,"comment_status":"closed","ping_status":"open","sticky":false,"template":"","format":"standard","meta":{"site-sidebar-layout":"default","site-content-layout":"default","ast-global-header-display":"","ast-banner-title-visibility":"","ast-main-header-display":"","ast-hfb-above-header-display":"","ast-hfb-below-header-display":"","ast-hfb-mobile-header-display":"","site-post-title":"","ast-breadcrumbs-content":"","ast-featured-img":"","footer-sml-layout":"","theme-transparent-header-meta":"default","adv-header-id-meta":"","stick-header-meta":"","header-above-stick-meta":"","header-main-stick-meta":"","header-below-stick-meta":"","footnotes":""},"categories":[9],"tags":[],"class_list":["post-129","post","type-post","status-publish","format-standard","has-post-thumbnail","hentry","category-curiosidade"],"yoast_head":"<!-- This site is optimized with the Yoast SEO plugin v21.5 - https:\/\/yoast.com\/wordpress\/plugins\/seo\/ -->\n<title>Explica\u00e7\u00e3o cient\u00edfica para o fen\u00f4meno conhecido como a Estrela de Bel\u00e9m? - NOTICIA TOTAL<\/title>\n<meta name=\"description\" content=\"Ao longo de muitos s\u00e9culos, especialistas t\u00eam levantado a possibilidade de que a suposta Estrela de Bel\u00e9m poderia ter sido uma &quot;conjun\u00e7\u00e3o n\" \/>\n<meta name=\"robots\" content=\"index, follow, max-snippet:-1, max-image-preview:large, max-video-preview:-1\" \/>\n<link rel=\"canonical\" href=\"https:\/\/noticiatotal.net\/index.php\/2023\/05\/30\/explicacao-cientifica-para-o-fenomeno-conhecido-como-a-estrela-de-belem\/\" \/>\n<meta property=\"og:locale\" content=\"pt_BR\" \/>\n<meta property=\"og:type\" content=\"article\" \/>\n<meta property=\"og:title\" content=\"Explica\u00e7\u00e3o cient\u00edfica para o fen\u00f4meno conhecido como a Estrela de Bel\u00e9m? - NOTICIA TOTAL\" \/>\n<meta property=\"og:description\" content=\"Ao longo de muitos s\u00e9culos, especialistas t\u00eam levantado a possibilidade de que a suposta Estrela de Bel\u00e9m poderia ter sido uma &quot;conjun\u00e7\u00e3o n\" \/>\n<meta property=\"og:url\" content=\"https:\/\/noticiatotal.net\/index.php\/2023\/05\/30\/explicacao-cientifica-para-o-fenomeno-conhecido-como-a-estrela-de-belem\/\" \/>\n<meta property=\"og:site_name\" content=\"NOTICIA TOTAL\" \/>\n<meta property=\"article:published_time\" content=\"2023-05-31T00:39:46+00:00\" \/>\n<meta property=\"article:modified_time\" content=\"2023-06-23T00:13:52+00:00\" \/>\n<meta property=\"og:image\" content=\"https:\/\/noticiatotal.net\/wp-content\/uploads\/2023\/05\/davi.jpg\" \/>\n\t<meta property=\"og:image:width\" content=\"1200\" \/>\n\t<meta property=\"og:image:height\" content=\"800\" \/>\n\t<meta property=\"og:image:type\" content=\"image\/jpeg\" \/>\n<meta name=\"author\" content=\"lucasfernandomoura\" \/>\n<meta name=\"twitter:card\" content=\"summary_large_image\" \/>\n<meta name=\"twitter:label1\" content=\"Escrito por\" \/>\n\t<meta name=\"twitter:data1\" content=\"lucasfernandomoura\" \/>\n\t<meta name=\"twitter:label2\" content=\"Est. tempo de leitura\" \/>\n\t<meta name=\"twitter:data2\" content=\"7 minutos\" \/>\n<script type=\"application\/ld+json\" class=\"yoast-schema-graph\">{\"@context\":\"https:\/\/schema.org\",\"@graph\":[{\"@type\":\"WebPage\",\"@id\":\"https:\/\/noticiatotal.net\/index.php\/2023\/05\/30\/explicacao-cientifica-para-o-fenomeno-conhecido-como-a-estrela-de-belem\/\",\"url\":\"https:\/\/noticiatotal.net\/index.php\/2023\/05\/30\/explicacao-cientifica-para-o-fenomeno-conhecido-como-a-estrela-de-belem\/\",\"name\":\"Explica\u00e7\u00e3o cient\u00edfica para o fen\u00f4meno conhecido como a Estrela de Bel\u00e9m? - NOTICIA TOTAL\",\"isPartOf\":{\"@id\":\"https:\/\/noticiatotal.net\/#website\"},\"datePublished\":\"2023-05-31T00:39:46+00:00\",\"dateModified\":\"2023-06-23T00:13:52+00:00\",\"author\":{\"@id\":\"https:\/\/noticiatotal.net\/#\/schema\/person\/cad5b22920df7ae426c485cabbe44fdd\"},\"description\":\"Ao longo de muitos s\u00e9culos, especialistas t\u00eam levantado a possibilidade de que a suposta Estrela de Bel\u00e9m poderia ter sido uma \\\"conjun\u00e7\u00e3o n\",\"breadcrumb\":{\"@id\":\"https:\/\/noticiatotal.net\/index.php\/2023\/05\/30\/explicacao-cientifica-para-o-fenomeno-conhecido-como-a-estrela-de-belem\/#breadcrumb\"},\"inLanguage\":\"pt-BR\",\"potentialAction\":[{\"@type\":\"ReadAction\",\"target\":[\"https:\/\/noticiatotal.net\/index.php\/2023\/05\/30\/explicacao-cientifica-para-o-fenomeno-conhecido-como-a-estrela-de-belem\/\"]}]},{\"@type\":\"BreadcrumbList\",\"@id\":\"https:\/\/noticiatotal.net\/index.php\/2023\/05\/30\/explicacao-cientifica-para-o-fenomeno-conhecido-como-a-estrela-de-belem\/#breadcrumb\",\"itemListElement\":[{\"@type\":\"ListItem\",\"position\":1,\"name\":\"In\u00edcio\",\"item\":\"https:\/\/noticiatotal.net\/\"},{\"@type\":\"ListItem\",\"position\":2,\"name\":\"Explica\u00e7\u00e3o cient\u00edfica para o fen\u00f4meno conhecido como a Estrela de Bel\u00e9m?\"}]},{\"@type\":\"WebSite\",\"@id\":\"https:\/\/noticiatotal.net\/#website\",\"url\":\"https:\/\/noticiatotal.net\/\",\"name\":\"NOTICIA TOTAL\",\"description\":\"noticiatotal.net\",\"potentialAction\":[{\"@type\":\"SearchAction\",\"target\":{\"@type\":\"EntryPoint\",\"urlTemplate\":\"https:\/\/noticiatotal.net\/?s={search_term_string}\"},\"query-input\":\"required name=search_term_string\"}],\"inLanguage\":\"pt-BR\"},{\"@type\":\"Person\",\"@id\":\"https:\/\/noticiatotal.net\/#\/schema\/person\/cad5b22920df7ae426c485cabbe44fdd\",\"name\":\"lucasfernandomoura\",\"image\":{\"@type\":\"ImageObject\",\"inLanguage\":\"pt-BR\",\"@id\":\"https:\/\/noticiatotal.net\/#\/schema\/person\/image\/\",\"url\":\"https:\/\/secure.gravatar.com\/avatar\/48496aac2517819aa249e82567f65879bbafd2aa97f45449f4c5a7d823e60786?s=96&d=mm&r=g\",\"contentUrl\":\"https:\/\/secure.gravatar.com\/avatar\/48496aac2517819aa249e82567f65879bbafd2aa97f45449f4c5a7d823e60786?s=96&d=mm&r=g\",\"caption\":\"lucasfernandomoura\"},\"sameAs\":[\"https:\/\/noticiatotal.net\"],\"url\":\"https:\/\/noticiatotal.net\/index.php\/author\/lucasfernandomoura\/\"}]}<\/script>\n<!-- \/ Yoast SEO plugin. -->","yoast_head_json":{"title":"Explica\u00e7\u00e3o cient\u00edfica para o fen\u00f4meno conhecido como a Estrela de Bel\u00e9m? - NOTICIA TOTAL","description":"Ao longo de muitos s\u00e9culos, especialistas t\u00eam levantado a possibilidade de que a suposta Estrela de Bel\u00e9m poderia ter sido uma \"conjun\u00e7\u00e3o n","robots":{"index":"index","follow":"follow","max-snippet":"max-snippet:-1","max-image-preview":"max-image-preview:large","max-video-preview":"max-video-preview:-1"},"canonical":"https:\/\/noticiatotal.net\/index.php\/2023\/05\/30\/explicacao-cientifica-para-o-fenomeno-conhecido-como-a-estrela-de-belem\/","og_locale":"pt_BR","og_type":"article","og_title":"Explica\u00e7\u00e3o cient\u00edfica para o fen\u00f4meno conhecido como a Estrela de Bel\u00e9m? - NOTICIA TOTAL","og_description":"Ao longo de muitos s\u00e9culos, especialistas t\u00eam levantado a possibilidade de que a suposta Estrela de Bel\u00e9m poderia ter sido uma \"conjun\u00e7\u00e3o n","og_url":"https:\/\/noticiatotal.net\/index.php\/2023\/05\/30\/explicacao-cientifica-para-o-fenomeno-conhecido-como-a-estrela-de-belem\/","og_site_name":"NOTICIA TOTAL","article_published_time":"2023-05-31T00:39:46+00:00","article_modified_time":"2023-06-23T00:13:52+00:00","og_image":[{"width":1200,"height":800,"url":"https:\/\/noticiatotal.net\/wp-content\/uploads\/2023\/05\/davi.jpg","type":"image\/jpeg"}],"author":"lucasfernandomoura","twitter_card":"summary_large_image","twitter_misc":{"Escrito por":"lucasfernandomoura","Est. tempo de leitura":"7 minutos"},"schema":{"@context":"https:\/\/schema.org","@graph":[{"@type":"WebPage","@id":"https:\/\/noticiatotal.net\/index.php\/2023\/05\/30\/explicacao-cientifica-para-o-fenomeno-conhecido-como-a-estrela-de-belem\/","url":"https:\/\/noticiatotal.net\/index.php\/2023\/05\/30\/explicacao-cientifica-para-o-fenomeno-conhecido-como-a-estrela-de-belem\/","name":"Explica\u00e7\u00e3o cient\u00edfica para o fen\u00f4meno conhecido como a Estrela de Bel\u00e9m? - NOTICIA TOTAL","isPartOf":{"@id":"https:\/\/noticiatotal.net\/#website"},"datePublished":"2023-05-31T00:39:46+00:00","dateModified":"2023-06-23T00:13:52+00:00","author":{"@id":"https:\/\/noticiatotal.net\/#\/schema\/person\/cad5b22920df7ae426c485cabbe44fdd"},"description":"Ao longo de muitos s\u00e9culos, especialistas t\u00eam levantado a possibilidade de que a suposta Estrela de Bel\u00e9m poderia ter sido uma \"conjun\u00e7\u00e3o n","breadcrumb":{"@id":"https:\/\/noticiatotal.net\/index.php\/2023\/05\/30\/explicacao-cientifica-para-o-fenomeno-conhecido-como-a-estrela-de-belem\/#breadcrumb"},"inLanguage":"pt-BR","potentialAction":[{"@type":"ReadAction","target":["https:\/\/noticiatotal.net\/index.php\/2023\/05\/30\/explicacao-cientifica-para-o-fenomeno-conhecido-como-a-estrela-de-belem\/"]}]},{"@type":"BreadcrumbList","@id":"https:\/\/noticiatotal.net\/index.php\/2023\/05\/30\/explicacao-cientifica-para-o-fenomeno-conhecido-como-a-estrela-de-belem\/#breadcrumb","itemListElement":[{"@type":"ListItem","position":1,"name":"In\u00edcio","item":"https:\/\/noticiatotal.net\/"},{"@type":"ListItem","position":2,"name":"Explica\u00e7\u00e3o cient\u00edfica para o fen\u00f4meno conhecido como a Estrela de Bel\u00e9m?"}]},{"@type":"WebSite","@id":"https:\/\/noticiatotal.net\/#website","url":"https:\/\/noticiatotal.net\/","name":"NOTICIA TOTAL","description":"noticiatotal.net","potentialAction":[{"@type":"SearchAction","target":{"@type":"EntryPoint","urlTemplate":"https:\/\/noticiatotal.net\/?s={search_term_string}"},"query-input":"required name=search_term_string"}],"inLanguage":"pt-BR"},{"@type":"Person","@id":"https:\/\/noticiatotal.net\/#\/schema\/person\/cad5b22920df7ae426c485cabbe44fdd","name":"lucasfernandomoura","image":{"@type":"ImageObject","inLanguage":"pt-BR","@id":"https:\/\/noticiatotal.net\/#\/schema\/person\/image\/","url":"https:\/\/secure.gravatar.com\/avatar\/48496aac2517819aa249e82567f65879bbafd2aa97f45449f4c5a7d823e60786?s=96&d=mm&r=g","contentUrl":"https:\/\/secure.gravatar.com\/avatar\/48496aac2517819aa249e82567f65879bbafd2aa97f45449f4c5a7d823e60786?s=96&d=mm&r=g","caption":"lucasfernandomoura"},"sameAs":["https:\/\/noticiatotal.net"],"url":"https:\/\/noticiatotal.net\/index.php\/author\/lucasfernandomoura\/"}]}},"amp_enabled":true,"_links":{"self":[{"href":"https:\/\/noticiatotal.net\/index.php\/wp-json\/wp\/v2\/posts\/129","targetHints":{"allow":["GET"]}}],"collection":[{"href":"https:\/\/noticiatotal.net\/index.php\/wp-json\/wp\/v2\/posts"}],"about":[{"href":"https:\/\/noticiatotal.net\/index.php\/wp-json\/wp\/v2\/types\/post"}],"author":[{"embeddable":true,"href":"https:\/\/noticiatotal.net\/index.php\/wp-json\/wp\/v2\/users\/1"}],"replies":[{"embeddable":true,"href":"https:\/\/noticiatotal.net\/index.php\/wp-json\/wp\/v2\/comments?post=129"}],"version-history":[{"count":1,"href":"https:\/\/noticiatotal.net\/index.php\/wp-json\/wp\/v2\/posts\/129\/revisions"}],"predecessor-version":[{"id":133,"href":"https:\/\/noticiatotal.net\/index.php\/wp-json\/wp\/v2\/posts\/129\/revisions\/133"}],"wp:featuredmedia":[{"embeddable":true,"href":"https:\/\/noticiatotal.net\/index.php\/wp-json\/wp\/v2\/media\/130"}],"wp:attachment":[{"href":"https:\/\/noticiatotal.net\/index.php\/wp-json\/wp\/v2\/media?parent=129"}],"wp:term":[{"taxonomy":"category","embeddable":true,"href":"https:\/\/noticiatotal.net\/index.php\/wp-json\/wp\/v2\/categories?post=129"},{"taxonomy":"post_tag","embeddable":true,"href":"https:\/\/noticiatotal.net\/index.php\/wp-json\/wp\/v2\/tags?post=129"}],"curies":[{"name":"wp","href":"https:\/\/api.w.org\/{rel}","templated":true}]}}