{"id":140,"date":"2023-05-31T22:08:04","date_gmt":"2023-06-01T01:08:04","guid":{"rendered":"https:\/\/noticiatotal.net\/?p=140"},"modified":"2023-06-22T21:14:15","modified_gmt":"2023-06-23T00:14:15","slug":"condutor-colide-com-veiculo-estacionado-e-deixa-mensagem-me-ligue-que-eu-pago","status":"publish","type":"post","link":"https:\/\/noticiatotal.net\/index.php\/2023\/05\/31\/condutor-colide-com-veiculo-estacionado-e-deixa-mensagem-me-ligue-que-eu-pago\/","title":{"rendered":"Condutor colide com ve\u00edculo estacionado e deixa mensagem: &#8216;ME LIGUE QUE EU PAGO&#8217;"},"content":{"rendered":"<h3><span style=\"font-family: arial, helvetica, sans-serif;\">Na cidade de Campo Grande, um condutor colidiu com um ve\u00edculo estacionado e deixou um comunicado expressando suas desculpas e comprometendo-se a arcar com os danos causados.<\/span><\/h3>\n<figure id=\"attachment_141\" aria-describedby=\"caption-attachment-141\" style=\"width: 1024px\" class=\"wp-caption alignnone\"><img loading=\"lazy\" decoding=\"async\" class=\"size-large wp-image-141\" src=\"https:\/\/noticiatotal.net\/wp-content\/uploads\/2023\/05\/bilhete-1024x683.jpg\" alt=\"\" width=\"1024\" height=\"683\" srcset=\"https:\/\/noticiatotal.net\/wp-content\/uploads\/2023\/05\/bilhete-1024x683.jpg 1024w, https:\/\/noticiatotal.net\/wp-content\/uploads\/2023\/05\/bilhete-300x200.jpg 300w, https:\/\/noticiatotal.net\/wp-content\/uploads\/2023\/05\/bilhete-768x512.jpg 768w, https:\/\/noticiatotal.net\/wp-content\/uploads\/2023\/05\/bilhete.jpg 1200w\" sizes=\"auto, (max-width: 1024px) 100vw, 1024px\" \/><figcaption id=\"caption-attachment-141\" class=\"wp-caption-text\"><span style=\"font-family: arial, helvetica, sans-serif;\">REPRODU\u00c7\u00c3O G1<\/span><\/figcaption><\/figure>\n<p><span style=\"font-family: arial, helvetica, sans-serif; font-size: 14pt;\">A condu\u00e7\u00e3o de ve\u00edculos \u00e9 uma das atividades exclusivas para indiv\u00edduos que atingem a maioridade. Nesse sentido, \u00e9 necess\u00e1rio obter a habilita\u00e7\u00e3o de motorista (CNH). Esse documento proporciona a autonomia de dirigir para qualquer destino, desde que se cumpram todas as leis e regulamentos de tr\u00e2nsito. No entanto, as aulas pr\u00e1ticas nem sempre s\u00e3o capazes de preparar adequadamente os condutores para lidar com as situa\u00e7\u00f5es reais de tr\u00e1fego, incluindo seus perigos e imprevistos. Al\u00e9m disso, mesmo motoristas experientes est\u00e3o sujeitos a acidentes inesperados.<\/span><\/p>\n<h3><span style=\"font-family: arial, helvetica, sans-serif;\">O RECADO<\/span><\/h3>\n<p>&nbsp;<\/p>\n<p><span style=\"font-family: arial, helvetica, sans-serif; font-size: 14pt;\">\u00c9 indiscut\u00edvel que se deparar com uma situa\u00e7\u00e3o assim n\u00e3o traz boas sensa\u00e7\u00f5es. No entanto, o indiv\u00edduo foi surpreendido ao abrir a porta do ve\u00edculo. Naquele momento, um peda\u00e7o de papel caiu, contendo um pedido de desculpas. &#8220;Danifiquei o espelho retrovisor do seu carro. Por favor, entre em contato para que eu possa reembols\u00e1-lo. Desculpe&#8221;, dizia a nota deixada pelo motorista respons\u00e1vel pela colis\u00e3o.<\/span><\/p>\n<p><span style=\"font-family: arial, helvetica, sans-serif; font-size: 14pt;\">Segundo Laporte, eles residem em um condom\u00ednio sem garagem, o que implica em deixar os ve\u00edculos estacionados na rua. A fam\u00edlia avistou o carro danificado do apartamento antes de se aproximar dele.<\/span><\/p>\n<p><span style=\"font-family: arial, helvetica, sans-serif; font-size: 14pt;\">&#8220;Fiquei profundamente desapontado, pois aquele carro foi um presente para o meu filho. Na manh\u00e3 seguinte, bem cedo, eu j\u00e1 estava planejando lev\u00e1-lo a uma oficina para os reparos necess\u00e1rios. Quando fui abrir a ma\u00e7aneta, deparei-me com um recado, um bilhete. Nele, algu\u00e9m se identificava e informava ter colidido com o carro, manifestando o desejo de reembolsar-me e solicitando que entrasse em contato&#8221;, relatou Laporte.<\/span><\/p>\n<h3><span style=\"font-family: arial, helvetica, sans-serif; font-size: 18pt;\">GENTILEZA<\/span><\/h3>\n<p>&nbsp;<\/p>\n<p><span style=\"font-family: arial, helvetica, sans-serif; font-size: 14pt;\">O ato do motorista que colidiu com o ve\u00edculo do filho de Laporte pode ter sido considerado simples, mas evidenciou para o empres\u00e1rio como a\u00e7\u00f5es como essa fortalecem as rela\u00e7\u00f5es entre os condutores no tr\u00e2nsito e podem resultar em uma comunidade mais segura.<\/span><\/p>\n<p><span style=\"font-family: arial, helvetica, sans-serif; font-size: 14pt;\">&#8220;Uma coisa que realmente me sensibiliza \u00e9 ver pessoas empurrando carros na rua. Certa vez, na esquina da Rui Barbosa com a Dom Aquino, no centro de Campo Grande, um carro parou de funcionar, causando congestionamento e todos buzinando, sem ter o que fazer. Eu desci do meu ve\u00edculo e fui ajudar a empurrar o carro at\u00e9 um espa\u00e7o dispon\u00edvel, para liberar o fluxo do tr\u00e2nsito&#8221;, compartilhou ele.<\/span><\/p>\n<p>&nbsp;<\/p>\n<figure id=\"attachment_142\" aria-describedby=\"caption-attachment-142\" style=\"width: 1024px\" class=\"wp-caption alignnone\"><img loading=\"lazy\" decoding=\"async\" class=\"size-large wp-image-142\" src=\"https:\/\/noticiatotal.net\/wp-content\/uploads\/2023\/05\/retrovisor-1024x683.jpg\" alt=\"\" width=\"1024\" height=\"683\" srcset=\"https:\/\/noticiatotal.net\/wp-content\/uploads\/2023\/05\/retrovisor-1024x683.jpg 1024w, https:\/\/noticiatotal.net\/wp-content\/uploads\/2023\/05\/retrovisor-300x200.jpg 300w, https:\/\/noticiatotal.net\/wp-content\/uploads\/2023\/05\/retrovisor-768x512.jpg 768w, https:\/\/noticiatotal.net\/wp-content\/uploads\/2023\/05\/retrovisor.jpg 1200w\" sizes=\"auto, (max-width: 1024px) 100vw, 1024px\" \/><figcaption id=\"caption-attachment-142\" class=\"wp-caption-text\"><span style=\"font-family: arial, helvetica, sans-serif;\">FOTO G1<\/span><\/figcaption><\/figure>\n<p>&nbsp;<\/p>\n<h3><span style=\"font-family: arial, helvetica, sans-serif;\">CONDUTOR<\/span><\/h3>\n<p>&nbsp;<\/p>\n<figure id=\"attachment_143\" aria-describedby=\"caption-attachment-143\" style=\"width: 1024px\" class=\"wp-caption alignnone\"><img loading=\"lazy\" decoding=\"async\" class=\"size-large wp-image-143\" src=\"https:\/\/noticiatotal.net\/wp-content\/uploads\/2023\/05\/bilhete_2-1024x683.jpg\" alt=\"\" width=\"1024\" height=\"683\" srcset=\"https:\/\/noticiatotal.net\/wp-content\/uploads\/2023\/05\/bilhete_2-1024x683.jpg 1024w, https:\/\/noticiatotal.net\/wp-content\/uploads\/2023\/05\/bilhete_2-300x200.jpg 300w, https:\/\/noticiatotal.net\/wp-content\/uploads\/2023\/05\/bilhete_2-768x512.jpg 768w, https:\/\/noticiatotal.net\/wp-content\/uploads\/2023\/05\/bilhete_2.jpg 1200w\" sizes=\"auto, (max-width: 1024px) 100vw, 1024px\" \/><figcaption id=\"caption-attachment-143\" class=\"wp-caption-text\"><span style=\"font-family: arial, helvetica, sans-serif;\">FOTO G1<\/span><\/figcaption><\/figure>\n<p><span style=\"font-family: arial, helvetica, sans-serif; font-size: 14pt;\">No caso envolvendo o filho de Laporte, o motorista respons\u00e1vel pela colis\u00e3o deixou um bilhete contendo suas informa\u00e7\u00f5es para reparar o dano causado. No entanto, existem situa\u00e7\u00f5es em que os motoristas optam por colocar um bilhete no carro como forma de prevenir poss\u00edveis acidentes, como aconteceu em Balne\u00e1rio Cambori\u00fa, cidade litor\u00e2nea no norte de Santa Catarina.<\/span><\/p>\n<p><span style=\"font-family: arial, helvetica, sans-serif; font-size: 14pt;\">Uma motorista rec\u00e9m-habilitada encontrou uma maneira de lidar com o tr\u00e2nsito real sem incomodar outros condutores caso cometesse algum erro. Para isso, ela fixou um aviso no vidro traseiro do seu ve\u00edculo.<\/span><\/p>\n<p><span style=\"font-family: arial, helvetica, sans-serif; font-size: 14pt;\">Um v\u00eddeo divulgado nas redes sociais mostra o bilhete escrito por ela e colado no carro. &#8220;Rec\u00e9m-habilitada. Mantenha dist\u00e2ncia e seja gentil! Fico nervosa e o carro pode desligar&#8221;, dizia o bilhete.<\/span><\/p>\n<p><span style=\"font-family: arial, helvetica, sans-serif; font-size: 14pt;\">Jeferson Soccol, morador da regi\u00e3o, foi quem filmou o carro da motorista rec\u00e9m-habilitada. Ele avistou o ve\u00edculo no centro de Balne\u00e1rio Cambori\u00fa enquanto voltava do trabalho. &#8220;Balne\u00e1rio Cambori\u00fa \u00e9 uma cidade cheia de surpresas, tudo pode acontecer&#8221;, brincou Jeferson.<\/span><\/p>\n<p><span style=\"font-family: arial, helvetica, sans-serif; font-size: 14pt;\">\u00c9 importante ressaltar que essa foi uma tentativa de fazer com que os motoristas fossem mais pacientes com uma motorista rec\u00e9m-habilitada. No entanto, de acordo com Atanir Antunes, presidente do Conselho Estadual de Tr\u00e2nsito (Cetran), n\u00e3o h\u00e1 orienta\u00e7\u00f5es espec\u00edficas do Departamento Estadual de Tr\u00e2nsito de Santa Catarina (Detran) nesses casos.<\/span><\/p>\n<p><span style=\"font-family: arial, helvetica, sans-serif; font-size: 14pt;\">&#8220;Um condutor habilitado passa pelo exame pr\u00e1tico e est\u00e1 apto a dirigir nas vias p\u00fablicas. A legisla\u00e7\u00e3o tamb\u00e9m n\u00e3o prev\u00ea nada a esse respeito. O adesivo colocado pelo motorista serve apenas como um aviso para que os outros tenham cuidado ao se aproximarem do seu ve\u00edculo&#8221;, explicou ele.<\/span><\/p>\n<p><span style=\"font-family: arial, helvetica, sans-serif; font-size: 14pt;\">Al\u00e9m disso, Atanir tamb\u00e9m forneceu orienta\u00e7\u00f5es sobre o uso de bilhetes nos vidros dos carros. &#8220;\u00c9 permitido colocar um adesivo pequeno, desde que n\u00e3o obstrua a visibilidade das \u00e1reas envidra\u00e7adas necess\u00e1rias para a condu\u00e7\u00e3o do ve\u00edculo, como o para-brisa dianteiro e os vidros laterais do motorista. No entanto, n\u00e3o \u00e9 permitido utilizar adesivos grandes que alterem a cor do ve\u00edculo em mais de 50%&#8221;, resumiu.<\/span><\/p>\n","protected":false},"excerpt":{"rendered":"<p>Na cidade de Campo Grande, um condutor colidiu com um ve\u00edculo estacionado e deixou um comunicado expressando suas desculpas e comprometendo-se a arcar com os danos causados. A condu\u00e7\u00e3o de ve\u00edculos \u00e9 uma das atividades exclusivas para indiv\u00edduos que atingem a maioridade. Nesse sentido, \u00e9 necess\u00e1rio obter a habilita\u00e7\u00e3o de motorista (CNH). Esse documento proporciona &hellip;<\/p>\n<p class=\"read-more\"> <a class=\"\" href=\"https:\/\/noticiatotal.net\/index.php\/2023\/05\/31\/condutor-colide-com-veiculo-estacionado-e-deixa-mensagem-me-ligue-que-eu-pago\/\"> <span class=\"screen-reader-text\">Condutor colide com ve\u00edculo estacionado e deixa mensagem: &#8216;ME LIGUE QUE EU PAGO&#8217;<\/span> Leia mais &raquo;<\/a><\/p>\n","protected":false},"author":1,"featured_media":141,"comment_status":"closed","ping_status":"open","sticky":false,"template":"","format":"standard","meta":{"site-sidebar-layout":"default","site-content-layout":"default","ast-global-header-display":"","ast-banner-title-visibility":"","ast-main-header-display":"","ast-hfb-above-header-display":"","ast-hfb-below-header-display":"","ast-hfb-mobile-header-display":"","site-post-title":"","ast-breadcrumbs-content":"","ast-featured-img":"","footer-sml-layout":"","theme-transparent-header-meta":"default","adv-header-id-meta":"","stick-header-meta":"","header-above-stick-meta":"","header-main-stick-meta":"","header-below-stick-meta":"","footnotes":""},"categories":[8],"tags":[],"class_list":["post-140","post","type-post","status-publish","format-standard","has-post-thumbnail","hentry","category-mundo"],"yoast_head":"<!-- This site is optimized with the Yoast SEO plugin v21.5 - https:\/\/yoast.com\/wordpress\/plugins\/seo\/ -->\n<title>Condutor colide com ve\u00edculo estacionado e deixa mensagem: &#039;ME LIGUE QUE EU PAGO&#039; - NOTICIA TOTAL<\/title>\n<meta name=\"description\" content=\"Na cidade de Campo Grande um condutor colidiu com um ve\u00edculo estacionado e deixou um comunicado expressando suas desculpas e comprometend\" \/>\n<meta name=\"robots\" content=\"index, follow, max-snippet:-1, max-image-preview:large, max-video-preview:-1\" \/>\n<link rel=\"canonical\" href=\"https:\/\/noticiatotal.net\/index.php\/2023\/05\/31\/condutor-colide-com-veiculo-estacionado-e-deixa-mensagem-me-ligue-que-eu-pago\/\" \/>\n<meta property=\"og:locale\" content=\"pt_BR\" \/>\n<meta property=\"og:type\" content=\"article\" \/>\n<meta property=\"og:title\" content=\"Condutor colide com ve\u00edculo estacionado e deixa mensagem: &#039;ME LIGUE QUE EU PAGO&#039; - NOTICIA TOTAL\" \/>\n<meta property=\"og:description\" content=\"Na cidade de Campo Grande um condutor colidiu com um ve\u00edculo estacionado e deixou um comunicado expressando suas desculpas e comprometend\" \/>\n<meta property=\"og:url\" content=\"https:\/\/noticiatotal.net\/index.php\/2023\/05\/31\/condutor-colide-com-veiculo-estacionado-e-deixa-mensagem-me-ligue-que-eu-pago\/\" \/>\n<meta property=\"og:site_name\" content=\"NOTICIA TOTAL\" \/>\n<meta property=\"article:published_time\" content=\"2023-06-01T01:08:04+00:00\" \/>\n<meta property=\"article:modified_time\" content=\"2023-06-23T00:14:15+00:00\" \/>\n<meta property=\"og:image\" content=\"https:\/\/noticiatotal.net\/wp-content\/uploads\/2023\/05\/bilhete.jpg\" \/>\n\t<meta property=\"og:image:width\" content=\"1200\" \/>\n\t<meta property=\"og:image:height\" content=\"800\" \/>\n\t<meta property=\"og:image:type\" content=\"image\/jpeg\" \/>\n<meta name=\"author\" content=\"lucasfernandomoura\" \/>\n<meta name=\"twitter:card\" content=\"summary_large_image\" \/>\n<meta name=\"twitter:label1\" content=\"Escrito por\" \/>\n\t<meta name=\"twitter:data1\" content=\"lucasfernandomoura\" \/>\n\t<meta name=\"twitter:label2\" content=\"Est. tempo de leitura\" \/>\n\t<meta name=\"twitter:data2\" content=\"5 minutos\" \/>\n<script type=\"application\/ld+json\" class=\"yoast-schema-graph\">{\"@context\":\"https:\/\/schema.org\",\"@graph\":[{\"@type\":\"WebPage\",\"@id\":\"https:\/\/noticiatotal.net\/index.php\/2023\/05\/31\/condutor-colide-com-veiculo-estacionado-e-deixa-mensagem-me-ligue-que-eu-pago\/\",\"url\":\"https:\/\/noticiatotal.net\/index.php\/2023\/05\/31\/condutor-colide-com-veiculo-estacionado-e-deixa-mensagem-me-ligue-que-eu-pago\/\",\"name\":\"Condutor colide com ve\u00edculo estacionado e deixa mensagem: 'ME LIGUE QUE EU PAGO' - NOTICIA TOTAL\",\"isPartOf\":{\"@id\":\"https:\/\/noticiatotal.net\/#website\"},\"datePublished\":\"2023-06-01T01:08:04+00:00\",\"dateModified\":\"2023-06-23T00:14:15+00:00\",\"author\":{\"@id\":\"https:\/\/noticiatotal.net\/#\/schema\/person\/cad5b22920df7ae426c485cabbe44fdd\"},\"description\":\"Na cidade de Campo Grande um condutor colidiu com um ve\u00edculo estacionado e deixou um comunicado expressando suas desculpas e comprometend\",\"breadcrumb\":{\"@id\":\"https:\/\/noticiatotal.net\/index.php\/2023\/05\/31\/condutor-colide-com-veiculo-estacionado-e-deixa-mensagem-me-ligue-que-eu-pago\/#breadcrumb\"},\"inLanguage\":\"pt-BR\",\"potentialAction\":[{\"@type\":\"ReadAction\",\"target\":[\"https:\/\/noticiatotal.net\/index.php\/2023\/05\/31\/condutor-colide-com-veiculo-estacionado-e-deixa-mensagem-me-ligue-que-eu-pago\/\"]}]},{\"@type\":\"BreadcrumbList\",\"@id\":\"https:\/\/noticiatotal.net\/index.php\/2023\/05\/31\/condutor-colide-com-veiculo-estacionado-e-deixa-mensagem-me-ligue-que-eu-pago\/#breadcrumb\",\"itemListElement\":[{\"@type\":\"ListItem\",\"position\":1,\"name\":\"In\u00edcio\",\"item\":\"https:\/\/noticiatotal.net\/\"},{\"@type\":\"ListItem\",\"position\":2,\"name\":\"Condutor colide com ve\u00edculo estacionado e deixa mensagem: &#8216;ME LIGUE QUE EU PAGO&#8217;\"}]},{\"@type\":\"WebSite\",\"@id\":\"https:\/\/noticiatotal.net\/#website\",\"url\":\"https:\/\/noticiatotal.net\/\",\"name\":\"NOTICIA TOTAL\",\"description\":\"noticiatotal.net\",\"potentialAction\":[{\"@type\":\"SearchAction\",\"target\":{\"@type\":\"EntryPoint\",\"urlTemplate\":\"https:\/\/noticiatotal.net\/?s={search_term_string}\"},\"query-input\":\"required name=search_term_string\"}],\"inLanguage\":\"pt-BR\"},{\"@type\":\"Person\",\"@id\":\"https:\/\/noticiatotal.net\/#\/schema\/person\/cad5b22920df7ae426c485cabbe44fdd\",\"name\":\"lucasfernandomoura\",\"image\":{\"@type\":\"ImageObject\",\"inLanguage\":\"pt-BR\",\"@id\":\"https:\/\/noticiatotal.net\/#\/schema\/person\/image\/\",\"url\":\"https:\/\/secure.gravatar.com\/avatar\/48496aac2517819aa249e82567f65879bbafd2aa97f45449f4c5a7d823e60786?s=96&d=mm&r=g\",\"contentUrl\":\"https:\/\/secure.gravatar.com\/avatar\/48496aac2517819aa249e82567f65879bbafd2aa97f45449f4c5a7d823e60786?s=96&d=mm&r=g\",\"caption\":\"lucasfernandomoura\"},\"sameAs\":[\"https:\/\/noticiatotal.net\"],\"url\":\"https:\/\/noticiatotal.net\/index.php\/author\/lucasfernandomoura\/\"}]}<\/script>\n<!-- \/ Yoast SEO plugin. -->","yoast_head_json":{"title":"Condutor colide com ve\u00edculo estacionado e deixa mensagem: 'ME LIGUE QUE EU PAGO' - NOTICIA TOTAL","description":"Na cidade de Campo Grande um condutor colidiu com um ve\u00edculo estacionado e deixou um comunicado expressando suas desculpas e comprometend","robots":{"index":"index","follow":"follow","max-snippet":"max-snippet:-1","max-image-preview":"max-image-preview:large","max-video-preview":"max-video-preview:-1"},"canonical":"https:\/\/noticiatotal.net\/index.php\/2023\/05\/31\/condutor-colide-com-veiculo-estacionado-e-deixa-mensagem-me-ligue-que-eu-pago\/","og_locale":"pt_BR","og_type":"article","og_title":"Condutor colide com ve\u00edculo estacionado e deixa mensagem: 'ME LIGUE QUE EU PAGO' - NOTICIA TOTAL","og_description":"Na cidade de Campo Grande um condutor colidiu com um ve\u00edculo estacionado e deixou um comunicado expressando suas desculpas e comprometend","og_url":"https:\/\/noticiatotal.net\/index.php\/2023\/05\/31\/condutor-colide-com-veiculo-estacionado-e-deixa-mensagem-me-ligue-que-eu-pago\/","og_site_name":"NOTICIA TOTAL","article_published_time":"2023-06-01T01:08:04+00:00","article_modified_time":"2023-06-23T00:14:15+00:00","og_image":[{"width":1200,"height":800,"url":"https:\/\/noticiatotal.net\/wp-content\/uploads\/2023\/05\/bilhete.jpg","type":"image\/jpeg"}],"author":"lucasfernandomoura","twitter_card":"summary_large_image","twitter_misc":{"Escrito por":"lucasfernandomoura","Est. tempo de leitura":"5 minutos"},"schema":{"@context":"https:\/\/schema.org","@graph":[{"@type":"WebPage","@id":"https:\/\/noticiatotal.net\/index.php\/2023\/05\/31\/condutor-colide-com-veiculo-estacionado-e-deixa-mensagem-me-ligue-que-eu-pago\/","url":"https:\/\/noticiatotal.net\/index.php\/2023\/05\/31\/condutor-colide-com-veiculo-estacionado-e-deixa-mensagem-me-ligue-que-eu-pago\/","name":"Condutor colide com ve\u00edculo estacionado e deixa mensagem: 'ME LIGUE QUE EU PAGO' - NOTICIA TOTAL","isPartOf":{"@id":"https:\/\/noticiatotal.net\/#website"},"datePublished":"2023-06-01T01:08:04+00:00","dateModified":"2023-06-23T00:14:15+00:00","author":{"@id":"https:\/\/noticiatotal.net\/#\/schema\/person\/cad5b22920df7ae426c485cabbe44fdd"},"description":"Na cidade de Campo Grande um condutor colidiu com um ve\u00edculo estacionado e deixou um comunicado expressando suas desculpas e comprometend","breadcrumb":{"@id":"https:\/\/noticiatotal.net\/index.php\/2023\/05\/31\/condutor-colide-com-veiculo-estacionado-e-deixa-mensagem-me-ligue-que-eu-pago\/#breadcrumb"},"inLanguage":"pt-BR","potentialAction":[{"@type":"ReadAction","target":["https:\/\/noticiatotal.net\/index.php\/2023\/05\/31\/condutor-colide-com-veiculo-estacionado-e-deixa-mensagem-me-ligue-que-eu-pago\/"]}]},{"@type":"BreadcrumbList","@id":"https:\/\/noticiatotal.net\/index.php\/2023\/05\/31\/condutor-colide-com-veiculo-estacionado-e-deixa-mensagem-me-ligue-que-eu-pago\/#breadcrumb","itemListElement":[{"@type":"ListItem","position":1,"name":"In\u00edcio","item":"https:\/\/noticiatotal.net\/"},{"@type":"ListItem","position":2,"name":"Condutor colide com ve\u00edculo estacionado e deixa mensagem: &#8216;ME LIGUE QUE EU PAGO&#8217;"}]},{"@type":"WebSite","@id":"https:\/\/noticiatotal.net\/#website","url":"https:\/\/noticiatotal.net\/","name":"NOTICIA TOTAL","description":"noticiatotal.net","potentialAction":[{"@type":"SearchAction","target":{"@type":"EntryPoint","urlTemplate":"https:\/\/noticiatotal.net\/?s={search_term_string}"},"query-input":"required name=search_term_string"}],"inLanguage":"pt-BR"},{"@type":"Person","@id":"https:\/\/noticiatotal.net\/#\/schema\/person\/cad5b22920df7ae426c485cabbe44fdd","name":"lucasfernandomoura","image":{"@type":"ImageObject","inLanguage":"pt-BR","@id":"https:\/\/noticiatotal.net\/#\/schema\/person\/image\/","url":"https:\/\/secure.gravatar.com\/avatar\/48496aac2517819aa249e82567f65879bbafd2aa97f45449f4c5a7d823e60786?s=96&d=mm&r=g","contentUrl":"https:\/\/secure.gravatar.com\/avatar\/48496aac2517819aa249e82567f65879bbafd2aa97f45449f4c5a7d823e60786?s=96&d=mm&r=g","caption":"lucasfernandomoura"},"sameAs":["https:\/\/noticiatotal.net"],"url":"https:\/\/noticiatotal.net\/index.php\/author\/lucasfernandomoura\/"}]}},"amp_enabled":true,"_links":{"self":[{"href":"https:\/\/noticiatotal.net\/index.php\/wp-json\/wp\/v2\/posts\/140","targetHints":{"allow":["GET"]}}],"collection":[{"href":"https:\/\/noticiatotal.net\/index.php\/wp-json\/wp\/v2\/posts"}],"about":[{"href":"https:\/\/noticiatotal.net\/index.php\/wp-json\/wp\/v2\/types\/post"}],"author":[{"embeddable":true,"href":"https:\/\/noticiatotal.net\/index.php\/wp-json\/wp\/v2\/users\/1"}],"replies":[{"embeddable":true,"href":"https:\/\/noticiatotal.net\/index.php\/wp-json\/wp\/v2\/comments?post=140"}],"version-history":[{"count":1,"href":"https:\/\/noticiatotal.net\/index.php\/wp-json\/wp\/v2\/posts\/140\/revisions"}],"predecessor-version":[{"id":144,"href":"https:\/\/noticiatotal.net\/index.php\/wp-json\/wp\/v2\/posts\/140\/revisions\/144"}],"wp:featuredmedia":[{"embeddable":true,"href":"https:\/\/noticiatotal.net\/index.php\/wp-json\/wp\/v2\/media\/141"}],"wp:attachment":[{"href":"https:\/\/noticiatotal.net\/index.php\/wp-json\/wp\/v2\/media?parent=140"}],"wp:term":[{"taxonomy":"category","embeddable":true,"href":"https:\/\/noticiatotal.net\/index.php\/wp-json\/wp\/v2\/categories?post=140"},{"taxonomy":"post_tag","embeddable":true,"href":"https:\/\/noticiatotal.net\/index.php\/wp-json\/wp\/v2\/tags?post=140"}],"curies":[{"name":"wp","href":"https:\/\/api.w.org\/{rel}","templated":true}]}}