{"id":175,"date":"2023-06-04T09:42:22","date_gmt":"2023-06-04T12:42:22","guid":{"rendered":"https:\/\/noticiatotal.net\/?p=175"},"modified":"2023-06-22T21:15:51","modified_gmt":"2023-06-23T00:15:51","slug":"saida-de-messi","status":"publish","type":"post","link":"https:\/\/noticiatotal.net\/index.php\/2023\/06\/04\/saida-de-messi\/","title":{"rendered":"Cristophe Galtier, t\u00e9cnico do PSG, confirma a partida de Messi do clube"},"content":{"rendered":"<h2><span style=\"font-family: arial, helvetica, sans-serif;\">O treinador do PSG, Christophe Galtier, anunciou a suspens\u00e3o e a subsequente sa\u00edda de Messi do elenco. Descubra as especula\u00e7\u00f5es em torno desse assunto e as declara\u00e7\u00f5es do t\u00e9cnico.<\/span><\/h2>\n<figure id=\"attachment_176\" aria-describedby=\"caption-attachment-176\" style=\"width: 1024px\" class=\"wp-caption alignnone\"><img loading=\"lazy\" decoding=\"async\" class=\"size-large wp-image-176\" src=\"https:\/\/noticiatotal.net\/wp-content\/uploads\/2023\/06\/psg-1024x683.jpg\" alt=\"\" width=\"1024\" height=\"683\" srcset=\"https:\/\/noticiatotal.net\/wp-content\/uploads\/2023\/06\/psg-1024x683.jpg 1024w, https:\/\/noticiatotal.net\/wp-content\/uploads\/2023\/06\/psg-300x200.jpg 300w, https:\/\/noticiatotal.net\/wp-content\/uploads\/2023\/06\/psg-768x512.jpg 768w, https:\/\/noticiatotal.net\/wp-content\/uploads\/2023\/06\/psg.jpg 1200w\" sizes=\"auto, (max-width: 1024px) 100vw, 1024px\" \/><figcaption id=\"caption-attachment-176\" class=\"wp-caption-text\"><span style=\"font-family: arial, helvetica, sans-serif;\">FOTO G1<\/span><\/figcaption><\/figure>\n<p><span style=\"font-family: arial, helvetica, sans-serif; font-size: 14pt;\">Christophe Galtier, atual treinador do Paris Saint-Germain (PSG), confirmou a partida de Messi da equipe. Durante sua primeira coletiva de imprensa desde a suspens\u00e3o do atacante, o t\u00e9cnico optou por n\u00e3o comentar detalhes sobre o assunto, mas reiterou a decis\u00e3o tomada pela diretoria em rela\u00e7\u00e3o ao talentoso jogador argentino.<\/span><\/p>\n<p><span style=\"font-family: arial, helvetica, sans-serif; font-size: 14pt;\">Galtier tamb\u00e9m relembrou a cronologia dos acontecimentos e refor\u00e7ou que a suspens\u00e3o foi uma decis\u00e3o da dire\u00e7\u00e3o esportiva. Tudo come\u00e7ou quando Messi fez uma viagem n\u00e3o autorizada \u00e0 Ar\u00e1bia Saudita, o que resultou em seu afastamento dos jogos e treinamentos do PSG. Agora, aos 35 anos, o jogador j\u00e1 tomou a decis\u00e3o de n\u00e3o renovar seu contrato com o clube franc\u00eas, o que pode significar o fim de sua trajet\u00f3ria vestindo a camisa da equipe.<\/span><\/p>\n<p>&nbsp;<\/p>\n<h2><span style=\"font-family: arial, helvetica, sans-serif;\">ALVO DE CR\u00cdTICAS<\/span><\/h2>\n<p>&nbsp;<\/p>\n<p><span style=\"font-family: arial, helvetica, sans-serif; font-size: 14pt;\">O treinador tamb\u00e9m abordou os incidentes de manifesta\u00e7\u00e3o ocorridos nas \u00faltimas semanas. Torcedores uniformizados protestaram tanto na sede do clube quanto em frente \u00e0s resid\u00eancias de Messi e Neymar, expressando sua insatisfa\u00e7\u00e3o com a gest\u00e3o do clube e as atitudes dos jogadores. Galtier, que tamb\u00e9m foi alvo de cr\u00edticas, condenou veementemente essas a\u00e7\u00f5es.<\/span><\/p>\n<figure id=\"attachment_177\" aria-describedby=\"caption-attachment-177\" style=\"width: 1024px\" class=\"wp-caption alignnone\"><img loading=\"lazy\" decoding=\"async\" class=\"size-large wp-image-177\" src=\"https:\/\/noticiatotal.net\/wp-content\/uploads\/2023\/06\/psg_2-1024x683.jpg\" alt=\"\" width=\"1024\" height=\"683\" srcset=\"https:\/\/noticiatotal.net\/wp-content\/uploads\/2023\/06\/psg_2-1024x683.jpg 1024w, https:\/\/noticiatotal.net\/wp-content\/uploads\/2023\/06\/psg_2-300x200.jpg 300w, https:\/\/noticiatotal.net\/wp-content\/uploads\/2023\/06\/psg_2-768x512.jpg 768w, https:\/\/noticiatotal.net\/wp-content\/uploads\/2023\/06\/psg_2.jpg 1200w\" sizes=\"auto, (max-width: 1024px) 100vw, 1024px\" \/><figcaption id=\"caption-attachment-177\" class=\"wp-caption-text\"><span style=\"font-family: arial, helvetica, sans-serif;\">FOTO G1<\/span><\/figcaption><\/figure>\n<p><span style=\"font-family: arial, helvetica, sans-serif; font-size: 14pt;\">Ao abordar o assunto, Galtier destacou a import\u00e2ncia de respeitar a privacidade dos jogadores e enfatizou que perseguir os atletas em suas resid\u00eancias n\u00e3o \u00e9 aceit\u00e1vel, compreendendo a frustra\u00e7\u00e3o dos torcedores.<\/span><\/p>\n<p><span style=\"font-family: arial, helvetica, sans-serif; font-size: 14pt;\">Apesar do momento conturbado, o PSG continua liderando o Campeonato Franc\u00eas. No pr\u00f3ximo domingo, em um confronto fora de casa contra o Troyes, os parisienses buscar\u00e3o manter a primeira posi\u00e7\u00e3o na tabela. O jogo est\u00e1 agendado para as 15h45, hor\u00e1rio de Bras\u00edlia.<\/span><\/p>\n<p>&nbsp;<\/p>\n<h2><span style=\"font-family: arial, helvetica, sans-serif;\">Trajet\u00f3ria e experi\u00eancias<\/span><\/h2>\n<p>&nbsp;<\/p>\n<p><span style=\"font-family: arial, helvetica, sans-serif; font-size: 14pt;\">Lionel Messi \u00e9 amplamente reconhecido como um dos maiores jogadores de futebol de todos os tempos. Nascido em 1987, na Argentina, Messi iniciou sua carreira profissional no futebol no Barcelona, onde teve uma trajet\u00f3ria excepcional.<\/span><\/p>\n<p><span style=\"font-family: arial, helvetica, sans-serif; font-size: 14pt;\">Aos 13 anos, em 2000, Messi ingressou nas categorias de base do Barcelona, destacando-se rapidamente com suas habilidades excepcionais e sua capacidade de driblar com velocidade, o que chamou a aten\u00e7\u00e3o de todos. Ele progrediu rapidamente nas fileiras do clube.<\/span><\/p>\n<p>&nbsp;<\/p>\n<h2><span style=\"font-family: arial, helvetica, sans-serif;\">BARCELONA<\/span><\/h2>\n<p>&nbsp;<\/p>\n<p><span style=\"font-family: arial, helvetica, sans-serif; font-size: 14pt;\">Em 2004, com apenas 17 anos, Messi fez sua estreia na equipe principal do Barcelona, tornando-se rapidamente uma pe\u00e7a fundamental no time.<\/span><\/p>\n<p><span style=\"font-family: arial, helvetica, sans-serif; font-size: 14pt;\">Durante sua carreira no Barcelona, Messi conquistou in\u00fameros t\u00edtulos e estabeleceu recordes impressionantes. Ele venceu a Liga dos Campe\u00f5es da UEFA quatro vezes e conquistou o Campeonato Espanhol em v\u00e1rias ocasi\u00f5es.<\/span><\/p>\n<p>&nbsp;<\/p>\n<h2><span style=\"font-family: arial, helvetica, sans-serif;\">BOLA DE OURO<\/span><\/h2>\n<p>&nbsp;<\/p>\n<p><span style=\"font-family: arial, helvetica, sans-serif; font-size: 14pt;\">Messi tamb\u00e9m foi agraciado com a Bola de Ouro da FIFA, pr\u00eamio concedido ao melhor jogador do mundo, em v\u00e1rias temporadas.<\/span><\/p>\n<p><span style=\"font-family: arial, helvetica, sans-serif; font-size: 14pt;\">Somente em agosto de 2021, devido a problemas financeiros enfrentados pelo Barcelona, Messi deixou o clube encerrando uma rela\u00e7\u00e3o de mais de duas d\u00e9cadas.<\/span><\/p>\n<p><span style=\"font-family: arial, helvetica, sans-serif; font-size: 14pt;\">Logo ap\u00f3s sua sa\u00edda do Barcelona, Messi assinou com o Paris Saint-Germain (PSG), clube franc\u00eas conhecido por sua for\u00e7a financeira e sucesso no cen\u00e1rio nacional.<\/span><\/p>\n<p><span style=\"font-family: arial, helvetica, sans-serif; font-size: 14pt;\">Embora sua passagem pelo PSG tenha sido espetacular, os recentes problemas enfrentados pelo clube fizeram com que a sa\u00edda de Messi se tornasse o evento mais marcante.<\/span><\/p>\n<h2><span style=\"font-family: arial, helvetica, sans-serif;\">A SA\u00cdDA<\/span><\/h2>\n<p>&nbsp;<\/p>\n<p><span style=\"font-family: arial, helvetica, sans-serif; font-size: 14pt;\">Al\u00e9m disso, diante da confirma\u00e7\u00e3o da partida de Messi, os torcedores aguardam ansiosos para descobrir quais ser\u00e3o os pr\u00f3ximos passos do jogador. At\u00e9 o momento, ele optou por n\u00e3o se manifestar publicamente sobre seus planos futuros ap\u00f3s a suspens\u00e3o no Paris Saint-Germain e o fim do contrato.<\/span><\/p>\n<p><span style=\"font-family: arial, helvetica, sans-serif; font-size: 14pt;\">O sil\u00eancio em rela\u00e7\u00e3o \u00e0 situa\u00e7\u00e3o tem gerado especula\u00e7\u00f5es sobre o destino de Messi. Embora possa receber propostas e buscar outros clubes, sua idade avan\u00e7ada pode limitar sua carreira a curto prazo.<\/span><\/p>\n<p><span style=\"font-family: arial, helvetica, sans-serif; font-size: 14pt;\">A lembran\u00e7a da viagem n\u00e3o autorizada \u00e0 Ar\u00e1bia Saudita despertou nas mentes dos torcedores as negocia\u00e7\u00f5es de Cristiano Ronaldo em 2022, quando ele se juntou ao Al-Nassr.<\/span><\/p>\n<p><span style=\"font-family: arial, helvetica, sans-serif; font-size: 14pt;\">No geral, os planos futuros de Lionel Messi continuam desconhecidos at\u00e9 o momento. Apenas o tempo revelar\u00e1 qual ser\u00e1 o pr\u00f3ximo cap\u00edtulo na carreira do talentoso jogador argentino.<\/span><\/p>\n","protected":false},"excerpt":{"rendered":"<p>O treinador do PSG, Christophe Galtier, anunciou a suspens\u00e3o e a subsequente sa\u00edda de Messi do elenco. Descubra as especula\u00e7\u00f5es em torno desse assunto e as declara\u00e7\u00f5es do t\u00e9cnico. Christophe Galtier, atual treinador do Paris Saint-Germain (PSG), confirmou a partida de Messi da equipe. Durante sua primeira coletiva de imprensa desde a suspens\u00e3o do atacante, &hellip;<\/p>\n<p class=\"read-more\"> <a class=\"\" href=\"https:\/\/noticiatotal.net\/index.php\/2023\/06\/04\/saida-de-messi\/\"> <span class=\"screen-reader-text\">Cristophe Galtier, t\u00e9cnico do PSG, confirma a partida de Messi do clube<\/span> Leia mais &raquo;<\/a><\/p>\n","protected":false},"author":1,"featured_media":176,"comment_status":"closed","ping_status":"open","sticky":false,"template":"","format":"standard","meta":{"site-sidebar-layout":"default","site-content-layout":"default","ast-global-header-display":"","ast-banner-title-visibility":"","ast-main-header-display":"","ast-hfb-above-header-display":"","ast-hfb-below-header-display":"","ast-hfb-mobile-header-display":"","site-post-title":"","ast-breadcrumbs-content":"","ast-featured-img":"","footer-sml-layout":"","theme-transparent-header-meta":"default","adv-header-id-meta":"","stick-header-meta":"","header-above-stick-meta":"","header-main-stick-meta":"","header-below-stick-meta":"","footnotes":""},"categories":[8],"tags":[],"class_list":["post-175","post","type-post","status-publish","format-standard","has-post-thumbnail","hentry","category-mundo"],"yoast_head":"<!-- This site is optimized with the Yoast SEO plugin v21.5 - https:\/\/yoast.com\/wordpress\/plugins\/seo\/ -->\n<title>Cristophe Galtier, t\u00e9cnico do PSG, confirma a partida de Messi do clube - NOTICIA TOTAL<\/title>\n<meta name=\"description\" content=\"Cristophe Galtier confirma sa\u00edda de messi. O treinador do PSG, Christophe Galtier, anunciou a suspens\u00e3o e a subsequente sa\u00edda de Mes VEJA MAIS\" \/>\n<meta name=\"robots\" content=\"index, follow, max-snippet:-1, max-image-preview:large, max-video-preview:-1\" \/>\n<link rel=\"canonical\" href=\"https:\/\/noticiatotal.net\/index.php\/2023\/06\/04\/saida-de-messi\/\" \/>\n<meta property=\"og:locale\" content=\"pt_BR\" \/>\n<meta property=\"og:type\" content=\"article\" \/>\n<meta property=\"og:title\" content=\"Cristophe Galtier, t\u00e9cnico do PSG, confirma a partida de Messi do clube - NOTICIA TOTAL\" \/>\n<meta property=\"og:description\" content=\"Cristophe Galtier confirma sa\u00edda de messi. O treinador do PSG, Christophe Galtier, anunciou a suspens\u00e3o e a subsequente sa\u00edda de Mes VEJA MAIS\" \/>\n<meta property=\"og:url\" content=\"https:\/\/noticiatotal.net\/index.php\/2023\/06\/04\/saida-de-messi\/\" \/>\n<meta property=\"og:site_name\" content=\"NOTICIA TOTAL\" \/>\n<meta property=\"article:published_time\" content=\"2023-06-04T12:42:22+00:00\" \/>\n<meta property=\"article:modified_time\" content=\"2023-06-23T00:15:51+00:00\" \/>\n<meta property=\"og:image\" content=\"https:\/\/noticiatotal.net\/wp-content\/uploads\/2023\/06\/psg.jpg\" \/>\n\t<meta property=\"og:image:width\" content=\"1200\" \/>\n\t<meta property=\"og:image:height\" content=\"800\" \/>\n\t<meta property=\"og:image:type\" content=\"image\/jpeg\" \/>\n<meta name=\"author\" content=\"lucasfernandomoura\" \/>\n<meta name=\"twitter:card\" content=\"summary_large_image\" \/>\n<meta name=\"twitter:label1\" content=\"Escrito por\" \/>\n\t<meta name=\"twitter:data1\" content=\"lucasfernandomoura\" \/>\n\t<meta name=\"twitter:label2\" content=\"Est. tempo de leitura\" \/>\n\t<meta name=\"twitter:data2\" content=\"5 minutos\" \/>\n<script type=\"application\/ld+json\" class=\"yoast-schema-graph\">{\"@context\":\"https:\/\/schema.org\",\"@graph\":[{\"@type\":\"WebPage\",\"@id\":\"https:\/\/noticiatotal.net\/index.php\/2023\/06\/04\/saida-de-messi\/\",\"url\":\"https:\/\/noticiatotal.net\/index.php\/2023\/06\/04\/saida-de-messi\/\",\"name\":\"Cristophe Galtier, t\u00e9cnico do PSG, confirma a partida de Messi do clube - NOTICIA TOTAL\",\"isPartOf\":{\"@id\":\"https:\/\/noticiatotal.net\/#website\"},\"datePublished\":\"2023-06-04T12:42:22+00:00\",\"dateModified\":\"2023-06-23T00:15:51+00:00\",\"author\":{\"@id\":\"https:\/\/noticiatotal.net\/#\/schema\/person\/cad5b22920df7ae426c485cabbe44fdd\"},\"description\":\"Cristophe Galtier confirma sa\u00edda de messi. O treinador do PSG, Christophe Galtier, anunciou a suspens\u00e3o e a subsequente sa\u00edda de Mes VEJA MAIS\",\"breadcrumb\":{\"@id\":\"https:\/\/noticiatotal.net\/index.php\/2023\/06\/04\/saida-de-messi\/#breadcrumb\"},\"inLanguage\":\"pt-BR\",\"potentialAction\":[{\"@type\":\"ReadAction\",\"target\":[\"https:\/\/noticiatotal.net\/index.php\/2023\/06\/04\/saida-de-messi\/\"]}]},{\"@type\":\"BreadcrumbList\",\"@id\":\"https:\/\/noticiatotal.net\/index.php\/2023\/06\/04\/saida-de-messi\/#breadcrumb\",\"itemListElement\":[{\"@type\":\"ListItem\",\"position\":1,\"name\":\"In\u00edcio\",\"item\":\"https:\/\/noticiatotal.net\/\"},{\"@type\":\"ListItem\",\"position\":2,\"name\":\"Cristophe Galtier, t\u00e9cnico do PSG, confirma a partida de Messi do clube\"}]},{\"@type\":\"WebSite\",\"@id\":\"https:\/\/noticiatotal.net\/#website\",\"url\":\"https:\/\/noticiatotal.net\/\",\"name\":\"NOTICIA TOTAL\",\"description\":\"noticiatotal.net\",\"potentialAction\":[{\"@type\":\"SearchAction\",\"target\":{\"@type\":\"EntryPoint\",\"urlTemplate\":\"https:\/\/noticiatotal.net\/?s={search_term_string}\"},\"query-input\":\"required name=search_term_string\"}],\"inLanguage\":\"pt-BR\"},{\"@type\":\"Person\",\"@id\":\"https:\/\/noticiatotal.net\/#\/schema\/person\/cad5b22920df7ae426c485cabbe44fdd\",\"name\":\"lucasfernandomoura\",\"image\":{\"@type\":\"ImageObject\",\"inLanguage\":\"pt-BR\",\"@id\":\"https:\/\/noticiatotal.net\/#\/schema\/person\/image\/\",\"url\":\"https:\/\/secure.gravatar.com\/avatar\/48496aac2517819aa249e82567f65879bbafd2aa97f45449f4c5a7d823e60786?s=96&d=mm&r=g\",\"contentUrl\":\"https:\/\/secure.gravatar.com\/avatar\/48496aac2517819aa249e82567f65879bbafd2aa97f45449f4c5a7d823e60786?s=96&d=mm&r=g\",\"caption\":\"lucasfernandomoura\"},\"sameAs\":[\"https:\/\/noticiatotal.net\"],\"url\":\"https:\/\/noticiatotal.net\/index.php\/author\/lucasfernandomoura\/\"}]}<\/script>\n<!-- \/ Yoast SEO plugin. -->","yoast_head_json":{"title":"Cristophe Galtier, t\u00e9cnico do PSG, confirma a partida de Messi do clube - NOTICIA TOTAL","description":"Cristophe Galtier confirma sa\u00edda de messi. O treinador do PSG, Christophe Galtier, anunciou a suspens\u00e3o e a subsequente sa\u00edda de Mes VEJA MAIS","robots":{"index":"index","follow":"follow","max-snippet":"max-snippet:-1","max-image-preview":"max-image-preview:large","max-video-preview":"max-video-preview:-1"},"canonical":"https:\/\/noticiatotal.net\/index.php\/2023\/06\/04\/saida-de-messi\/","og_locale":"pt_BR","og_type":"article","og_title":"Cristophe Galtier, t\u00e9cnico do PSG, confirma a partida de Messi do clube - NOTICIA TOTAL","og_description":"Cristophe Galtier confirma sa\u00edda de messi. O treinador do PSG, Christophe Galtier, anunciou a suspens\u00e3o e a subsequente sa\u00edda de Mes VEJA MAIS","og_url":"https:\/\/noticiatotal.net\/index.php\/2023\/06\/04\/saida-de-messi\/","og_site_name":"NOTICIA TOTAL","article_published_time":"2023-06-04T12:42:22+00:00","article_modified_time":"2023-06-23T00:15:51+00:00","og_image":[{"width":1200,"height":800,"url":"https:\/\/noticiatotal.net\/wp-content\/uploads\/2023\/06\/psg.jpg","type":"image\/jpeg"}],"author":"lucasfernandomoura","twitter_card":"summary_large_image","twitter_misc":{"Escrito por":"lucasfernandomoura","Est. tempo de leitura":"5 minutos"},"schema":{"@context":"https:\/\/schema.org","@graph":[{"@type":"WebPage","@id":"https:\/\/noticiatotal.net\/index.php\/2023\/06\/04\/saida-de-messi\/","url":"https:\/\/noticiatotal.net\/index.php\/2023\/06\/04\/saida-de-messi\/","name":"Cristophe Galtier, t\u00e9cnico do PSG, confirma a partida de Messi do clube - NOTICIA TOTAL","isPartOf":{"@id":"https:\/\/noticiatotal.net\/#website"},"datePublished":"2023-06-04T12:42:22+00:00","dateModified":"2023-06-23T00:15:51+00:00","author":{"@id":"https:\/\/noticiatotal.net\/#\/schema\/person\/cad5b22920df7ae426c485cabbe44fdd"},"description":"Cristophe Galtier confirma sa\u00edda de messi. O treinador do PSG, Christophe Galtier, anunciou a suspens\u00e3o e a subsequente sa\u00edda de Mes VEJA MAIS","breadcrumb":{"@id":"https:\/\/noticiatotal.net\/index.php\/2023\/06\/04\/saida-de-messi\/#breadcrumb"},"inLanguage":"pt-BR","potentialAction":[{"@type":"ReadAction","target":["https:\/\/noticiatotal.net\/index.php\/2023\/06\/04\/saida-de-messi\/"]}]},{"@type":"BreadcrumbList","@id":"https:\/\/noticiatotal.net\/index.php\/2023\/06\/04\/saida-de-messi\/#breadcrumb","itemListElement":[{"@type":"ListItem","position":1,"name":"In\u00edcio","item":"https:\/\/noticiatotal.net\/"},{"@type":"ListItem","position":2,"name":"Cristophe Galtier, t\u00e9cnico do PSG, confirma a partida de Messi do clube"}]},{"@type":"WebSite","@id":"https:\/\/noticiatotal.net\/#website","url":"https:\/\/noticiatotal.net\/","name":"NOTICIA TOTAL","description":"noticiatotal.net","potentialAction":[{"@type":"SearchAction","target":{"@type":"EntryPoint","urlTemplate":"https:\/\/noticiatotal.net\/?s={search_term_string}"},"query-input":"required name=search_term_string"}],"inLanguage":"pt-BR"},{"@type":"Person","@id":"https:\/\/noticiatotal.net\/#\/schema\/person\/cad5b22920df7ae426c485cabbe44fdd","name":"lucasfernandomoura","image":{"@type":"ImageObject","inLanguage":"pt-BR","@id":"https:\/\/noticiatotal.net\/#\/schema\/person\/image\/","url":"https:\/\/secure.gravatar.com\/avatar\/48496aac2517819aa249e82567f65879bbafd2aa97f45449f4c5a7d823e60786?s=96&d=mm&r=g","contentUrl":"https:\/\/secure.gravatar.com\/avatar\/48496aac2517819aa249e82567f65879bbafd2aa97f45449f4c5a7d823e60786?s=96&d=mm&r=g","caption":"lucasfernandomoura"},"sameAs":["https:\/\/noticiatotal.net"],"url":"https:\/\/noticiatotal.net\/index.php\/author\/lucasfernandomoura\/"}]}},"amp_enabled":true,"_links":{"self":[{"href":"https:\/\/noticiatotal.net\/index.php\/wp-json\/wp\/v2\/posts\/175","targetHints":{"allow":["GET"]}}],"collection":[{"href":"https:\/\/noticiatotal.net\/index.php\/wp-json\/wp\/v2\/posts"}],"about":[{"href":"https:\/\/noticiatotal.net\/index.php\/wp-json\/wp\/v2\/types\/post"}],"author":[{"embeddable":true,"href":"https:\/\/noticiatotal.net\/index.php\/wp-json\/wp\/v2\/users\/1"}],"replies":[{"embeddable":true,"href":"https:\/\/noticiatotal.net\/index.php\/wp-json\/wp\/v2\/comments?post=175"}],"version-history":[{"count":1,"href":"https:\/\/noticiatotal.net\/index.php\/wp-json\/wp\/v2\/posts\/175\/revisions"}],"predecessor-version":[{"id":178,"href":"https:\/\/noticiatotal.net\/index.php\/wp-json\/wp\/v2\/posts\/175\/revisions\/178"}],"wp:featuredmedia":[{"embeddable":true,"href":"https:\/\/noticiatotal.net\/index.php\/wp-json\/wp\/v2\/media\/176"}],"wp:attachment":[{"href":"https:\/\/noticiatotal.net\/index.php\/wp-json\/wp\/v2\/media?parent=175"}],"wp:term":[{"taxonomy":"category","embeddable":true,"href":"https:\/\/noticiatotal.net\/index.php\/wp-json\/wp\/v2\/categories?post=175"},{"taxonomy":"post_tag","embeddable":true,"href":"https:\/\/noticiatotal.net\/index.php\/wp-json\/wp\/v2\/tags?post=175"}],"curies":[{"name":"wp","href":"https:\/\/api.w.org\/{rel}","templated":true}]}}