{"id":184,"date":"2023-06-04T13:27:03","date_gmt":"2023-06-04T16:27:03","guid":{"rendered":"https:\/\/noticiatotal.net\/?p=184"},"modified":"2023-06-22T21:36:42","modified_gmt":"2023-06-23T00:36:42","slug":"por-que-o-pastor-belga-malinois-e-considerado-o-cao-mais-inteligente-do-mundo","status":"publish","type":"post","link":"https:\/\/noticiatotal.net\/index.php\/2023\/06\/04\/por-que-o-pastor-belga-malinois-e-considerado-o-cao-mais-inteligente-do-mundo\/","title":{"rendered":"Por que o Pastor Belga Malinois \u00e9 considerado o c\u00e3o mais inteligente do mundo?"},"content":{"rendered":"<h2><span style=\"font-family: arial, helvetica, sans-serif;\">Segundo um estudo publicado na Scientific Reports, o Pastor Belga Malinois \u00e9 considerado o c\u00e3o mais inteligente do mundo. Vamos explorar as raz\u00f5es por tr\u00e1s dessa afirma\u00e7\u00e3o.<\/span><\/h2>\n<p>&nbsp;<\/p>\n<figure id=\"attachment_185\" aria-describedby=\"caption-attachment-185\" style=\"width: 1024px\" class=\"wp-caption alignnone\"><img loading=\"lazy\" decoding=\"async\" class=\"size-large wp-image-185\" src=\"https:\/\/noticiatotal.net\/wp-content\/uploads\/2023\/06\/alemao-1024x683.jpg\" alt=\"\" width=\"1024\" height=\"683\" srcset=\"https:\/\/noticiatotal.net\/wp-content\/uploads\/2023\/06\/alemao-1024x683.jpg 1024w, https:\/\/noticiatotal.net\/wp-content\/uploads\/2023\/06\/alemao-300x200.jpg 300w, https:\/\/noticiatotal.net\/wp-content\/uploads\/2023\/06\/alemao-768x512.jpg 768w, https:\/\/noticiatotal.net\/wp-content\/uploads\/2023\/06\/alemao.jpg 1200w\" sizes=\"auto, (max-width: 1024px) 100vw, 1024px\" \/><figcaption id=\"caption-attachment-185\" class=\"wp-caption-text\"><span style=\"font-family: arial, helvetica, sans-serif;\">FOTO GOOGLE IMAGENS<\/span><\/figcaption><\/figure>\n<p><span style=\"font-family: arial, helvetica, sans-serif; font-size: 14pt;\">A ra\u00e7a do cachorro mais inteligente do mundo, de acordo com um estudo recente publicado na Scientific Reports, \u00e9 o Pastor Belga Malinois. Esses c\u00e3es ocupam o topo da lista devido \u00e0 sua not\u00e1vel capacidade de aprendizado, resolu\u00e7\u00e3o de problemas e adapta\u00e7\u00e3o a diferentes ambientes e situa\u00e7\u00f5es.<\/span><\/p>\n<p><span style=\"font-family: arial, helvetica, sans-serif; font-size: 14pt;\">Origin\u00e1rios da B\u00e9lgica, os pastores belga malinois v\u00eam ganhando popularidade devido \u00e0 sua versatilidade e habilidades excepcionais. Sua intelig\u00eancia \u00e9 determinada pela gen\u00e9tica, o que se reflete em sua capacidade de aprendizado e na forma como lidam com desafios.<\/span><\/p>\n<p><span style=\"font-family: arial, helvetica, sans-serif; font-size: 14pt;\">Al\u00e9m disso, essa ra\u00e7a \u00e9 conhecida por sua lealdade e determina\u00e7\u00e3o, o que a torna tanto uma excelente op\u00e7\u00e3o para trabalho quanto para companhia. Ao considerar a escolha de um c\u00e3o, diversos fatores devem ser levados em conta, como o ambiente de moradia, o tempo dispon\u00edvel e as prefer\u00eancias pessoais do tutor.<\/span><\/p>\n<p>&nbsp;<\/p>\n<h2><span style=\"font-family: arial, helvetica, sans-serif;\">SERIA O MAIS INTELIGENTE DO MUNDO?<\/span><\/h2>\n<p>&nbsp;<\/p>\n<figure id=\"attachment_186\" aria-describedby=\"caption-attachment-186\" style=\"width: 1024px\" class=\"wp-caption alignnone\"><img loading=\"lazy\" decoding=\"async\" class=\"size-large wp-image-186\" src=\"https:\/\/noticiatotal.net\/wp-content\/uploads\/2023\/06\/alemao_2-1024x683.jpg\" alt=\"\" width=\"1024\" height=\"683\" srcset=\"https:\/\/noticiatotal.net\/wp-content\/uploads\/2023\/06\/alemao_2-1024x683.jpg 1024w, https:\/\/noticiatotal.net\/wp-content\/uploads\/2023\/06\/alemao_2-300x200.jpg 300w, https:\/\/noticiatotal.net\/wp-content\/uploads\/2023\/06\/alemao_2-768x512.jpg 768w, https:\/\/noticiatotal.net\/wp-content\/uploads\/2023\/06\/alemao_2.jpg 1200w\" sizes=\"auto, (max-width: 1024px) 100vw, 1024px\" \/><figcaption id=\"caption-attachment-186\" class=\"wp-caption-text\"><span style=\"font-family: arial, helvetica, sans-serif;\">FOTO GALILEU<\/span><\/figcaption><\/figure>\n<p><span style=\"font-family: arial, helvetica, sans-serif; font-size: 14pt;\">Os motivos pelos quais o pastor belga malinois \u00e9 considerado um dos c\u00e3es mais inteligentes do mundo s\u00e3o diversos. Eles incluem sua r\u00e1pida capacidade de aprendizado de comandos, sua versatilidade em v\u00e1rias atividades e profiss\u00f5es, como resgate, busca, trabalho policial, detec\u00e7\u00e3o de drogas, explosivos e participa\u00e7\u00e3o em esportes caninos.<\/span><\/p>\n<h2><span style=\"font-family: arial, helvetica, sans-serif;\">Capacidade de aprendizado<\/span><\/h2>\n<p><span style=\"font-family: arial, helvetica, sans-serif; font-size: 14pt;\">Essa ra\u00e7a demonstra uma not\u00e1vel capacidade de aprendizado, sendo capaz de assimilar novas informa\u00e7\u00f5es de forma r\u00e1pida e aplic\u00e1-las em diferentes contextos. Sua adaptabilidade a diversos ambientes e situa\u00e7\u00f5es, juntamente com sua concentra\u00e7\u00e3o e aten\u00e7\u00e3o, contribuem para um treinamento eficiente.<\/span><\/p>\n<h2><span style=\"font-family: arial, helvetica, sans-serif;\">Capacidade de resolver problemas<\/span><\/h2>\n<p><span style=\"font-family: arial, helvetica, sans-serif; font-size: 14pt;\">O pastor belga malinois se destaca em sua habilidade de analisar situa\u00e7\u00f5es complexas e encontrar solu\u00e7\u00f5es criativas para superar desafios. Sua agilidade mental e determina\u00e7\u00e3o em superar obst\u00e1culos s\u00e3o caracter\u00edsticas essenciais nesse aspecto.<\/span><\/p>\n<h2><span style=\"font-family: arial, helvetica, sans-serif;\">Capacidade profissional<\/span><\/h2>\n<p><span style=\"font-family: arial, helvetica, sans-serif; font-size: 14pt;\">Essa ra\u00e7a \u00e9 amplamente utilizada em diversas profiss\u00f5es, incluindo for\u00e7as de seguran\u00e7a. Sua capacidade de aprender e executar comandos com precis\u00e3o, combinada com sua for\u00e7a e agilidade, torna-os excelentes candidatos para essas tarefas. Al\u00e9m disso, o pastor belga malinois se destaca na busca e salvamento, sendo considerado um dos melhores farejadores para localizar pessoas desaparecidas ou feridas devido ao seu olfato excepcional.<\/span><\/p>\n<p><span style=\"font-family: arial, helvetica, sans-serif; font-size: 14pt;\">Embora menos comum, esses c\u00e3es tamb\u00e9m podem atuar como c\u00e3es-guia, proporcionando dire\u00e7\u00e3o, apoio e prote\u00e7\u00e3o aos seus tutores devido \u00e0 sua aten\u00e7\u00e3o e cuidado.<\/span><\/p>\n<p>&nbsp;<\/p>\n<h2><span style=\"font-family: arial, helvetica, sans-serif;\">LHE DANDO COM A INTELIGENCIA<\/span><\/h2>\n<figure id=\"attachment_187\" aria-describedby=\"caption-attachment-187\" style=\"width: 1024px\" class=\"wp-caption alignnone\"><img loading=\"lazy\" decoding=\"async\" class=\"size-large wp-image-187\" src=\"https:\/\/noticiatotal.net\/wp-content\/uploads\/2023\/06\/alemao_3-1024x683.jpg\" alt=\"\" width=\"1024\" height=\"683\" srcset=\"https:\/\/noticiatotal.net\/wp-content\/uploads\/2023\/06\/alemao_3-1024x683.jpg 1024w, https:\/\/noticiatotal.net\/wp-content\/uploads\/2023\/06\/alemao_3-300x200.jpg 300w, https:\/\/noticiatotal.net\/wp-content\/uploads\/2023\/06\/alemao_3-768x512.jpg 768w, https:\/\/noticiatotal.net\/wp-content\/uploads\/2023\/06\/alemao_3.jpg 1200w\" sizes=\"auto, (max-width: 1024px) 100vw, 1024px\" \/><figcaption id=\"caption-attachment-187\" class=\"wp-caption-text\"><span style=\"font-family: arial, helvetica, sans-serif;\">FOTO AMERICAN KENNEL<\/span><\/figcaption><\/figure>\n<p><span style=\"font-family: arial, helvetica, sans-serif; font-size: 14pt;\">\u00c9 importante destacar que ter um cachorro da ra\u00e7a considerada a mais inteligente do mundo n\u00e3o \u00e9 suficiente; \u00e9 fundamental estimular essa intelig\u00eancia. Para isso, existem diferentes treinamentos e atividades que podem ser realizados.<\/span><\/p>\n<p><span style=\"font-family: arial, helvetica, sans-serif; font-size: 14pt;\">O primeiro passo para estimular a intelig\u00eancia do cachorro \u00e9 oferecer um treinamento adequado, como obedi\u00eancia b\u00e1sica, socializa\u00e7\u00e3o e at\u00e9 mesmo um treinamento mais avan\u00e7ado em habilidades espec\u00edficas.<\/span><\/p>\n<p><span style=\"font-family: arial, helvetica, sans-serif; font-size: 14pt;\">Al\u00e9m disso, \u00e9 crucial estimular o cachorro tanto f\u00edsica quanto mentalmente, a fim de permitir que ele alcance seu m\u00e1ximo potencial de intelig\u00eancia. Jogos de busca, desafios de intelig\u00eancia, pr\u00e1ticas de agilidade e treinamentos avan\u00e7ados de obedi\u00eancia s\u00e3o altamente recomendados.<\/span><\/p>\n<p><span style=\"font-family: arial, helvetica, sans-serif; font-size: 14pt;\">A intera\u00e7\u00e3o social tamb\u00e9m desempenha um papel importante no est\u00edmulo da intelig\u00eancia desse cachorro. \u00c9 essencial levar o c\u00e3o para passear, participar de competi\u00e7\u00f5es ou eventos e promover a socializa\u00e7\u00e3o do pastor belga malinois desde cedo. Dessa forma, ele poder\u00e1 desenvolver suas habilidades sociais e cognitivas de maneira saud\u00e1vel e completa.<\/span><\/p>\n<p><span style=\"font-family: arial, helvetica, sans-serif; font-size: 14pt;\">O pastor belga malinois apresenta um pelo curto, embora n\u00e3o rente ao corpo, e est\u00e1 dispon\u00edvel em diferentes varia\u00e7\u00f5es. Uma delas \u00e9 totalmente preta, enquanto a mais comum \u00e9 o dourado com focinho e orelhas pretas. Os filhotes tendem a ter uma colora\u00e7\u00e3o mais escura, mas a tonalidade definitiva s\u00f3 \u00e9 alcan\u00e7ada por volta dos 18 meses de idade. Recomenda-se escovar o pelo a cada tr\u00eas dias, j\u00e1 que, como a maioria dos pastores, eles podem soltar bastante pelo. Durante o ver\u00e3o, a queda de pelo pode se intensificar, podendo-se encontrar &#8220;tufos&#8221; na casa ou mesmo presos ao corpo do animal de estima\u00e7\u00e3o.<\/span><\/p>\n<p>&nbsp;<\/p>\n<p>&nbsp;<\/p>\n","protected":false},"excerpt":{"rendered":"<p>Segundo um estudo publicado na Scientific Reports, o Pastor Belga Malinois \u00e9 considerado o c\u00e3o mais inteligente do mundo. Vamos explorar as raz\u00f5es por tr\u00e1s dessa afirma\u00e7\u00e3o. &nbsp; A ra\u00e7a do cachorro mais inteligente do mundo, de acordo com um estudo recente publicado na Scientific Reports, \u00e9 o Pastor Belga Malinois. Esses c\u00e3es ocupam o &hellip;<\/p>\n<p class=\"read-more\"> <a class=\"\" href=\"https:\/\/noticiatotal.net\/index.php\/2023\/06\/04\/por-que-o-pastor-belga-malinois-e-considerado-o-cao-mais-inteligente-do-mundo\/\"> <span class=\"screen-reader-text\">Por que o Pastor Belga Malinois \u00e9 considerado o c\u00e3o mais inteligente do mundo?<\/span> Leia mais &raquo;<\/a><\/p>\n","protected":false},"author":1,"featured_media":185,"comment_status":"closed","ping_status":"open","sticky":false,"template":"","format":"standard","meta":{"site-sidebar-layout":"default","site-content-layout":"default","ast-global-header-display":"","ast-banner-title-visibility":"","ast-main-header-display":"","ast-hfb-above-header-display":"","ast-hfb-below-header-display":"","ast-hfb-mobile-header-display":"","site-post-title":"","ast-breadcrumbs-content":"","ast-featured-img":"","footer-sml-layout":"","theme-transparent-header-meta":"default","adv-header-id-meta":"","stick-header-meta":"","header-above-stick-meta":"","header-main-stick-meta":"","header-below-stick-meta":"","footnotes":""},"categories":[9],"tags":[],"class_list":["post-184","post","type-post","status-publish","format-standard","has-post-thumbnail","hentry","category-curiosidade"],"yoast_head":"<!-- This site is optimized with the Yoast SEO plugin v21.5 - https:\/\/yoast.com\/wordpress\/plugins\/seo\/ -->\n<title>Por que o Pastor Belga Malinois \u00e9 considerado o c\u00e3o mais inteligente do mundo? - NOTICIA TOTAL<\/title>\n<meta name=\"description\" content=\"O Pastor Belga Malinois \u00e9 considerado o c\u00e3o mais inteligente do mundo. Segundo um estudo publicado na Scientific Reports. VEJA MAIS...\" \/>\n<meta name=\"robots\" content=\"index, follow, max-snippet:-1, max-image-preview:large, max-video-preview:-1\" \/>\n<link rel=\"canonical\" href=\"https:\/\/noticiatotal.net\/index.php\/2023\/06\/04\/por-que-o-pastor-belga-malinois-e-considerado-o-cao-mais-inteligente-do-mundo\/\" \/>\n<meta property=\"og:locale\" content=\"pt_BR\" \/>\n<meta property=\"og:type\" content=\"article\" \/>\n<meta property=\"og:title\" content=\"Por que o Pastor Belga Malinois \u00e9 considerado o c\u00e3o mais inteligente do mundo? - NOTICIA TOTAL\" \/>\n<meta property=\"og:description\" content=\"O Pastor Belga Malinois \u00e9 considerado o c\u00e3o mais inteligente do mundo. Segundo um estudo publicado na Scientific Reports. VEJA MAIS...\" \/>\n<meta property=\"og:url\" content=\"https:\/\/noticiatotal.net\/index.php\/2023\/06\/04\/por-que-o-pastor-belga-malinois-e-considerado-o-cao-mais-inteligente-do-mundo\/\" \/>\n<meta property=\"og:site_name\" content=\"NOTICIA TOTAL\" \/>\n<meta property=\"article:published_time\" content=\"2023-06-04T16:27:03+00:00\" \/>\n<meta property=\"article:modified_time\" content=\"2023-06-23T00:36:42+00:00\" \/>\n<meta property=\"og:image\" content=\"https:\/\/noticiatotal.net\/wp-content\/uploads\/2023\/06\/alemao.jpg\" \/>\n\t<meta property=\"og:image:width\" content=\"1200\" \/>\n\t<meta property=\"og:image:height\" content=\"800\" \/>\n\t<meta property=\"og:image:type\" content=\"image\/jpeg\" \/>\n<meta name=\"author\" content=\"lucasfernandomoura\" \/>\n<meta name=\"twitter:card\" content=\"summary_large_image\" \/>\n<meta name=\"twitter:label1\" content=\"Escrito por\" \/>\n\t<meta name=\"twitter:data1\" content=\"lucasfernandomoura\" \/>\n\t<meta name=\"twitter:label2\" content=\"Est. tempo de leitura\" \/>\n\t<meta name=\"twitter:data2\" content=\"5 minutos\" \/>\n<script type=\"application\/ld+json\" class=\"yoast-schema-graph\">{\"@context\":\"https:\/\/schema.org\",\"@graph\":[{\"@type\":\"WebPage\",\"@id\":\"https:\/\/noticiatotal.net\/index.php\/2023\/06\/04\/por-que-o-pastor-belga-malinois-e-considerado-o-cao-mais-inteligente-do-mundo\/\",\"url\":\"https:\/\/noticiatotal.net\/index.php\/2023\/06\/04\/por-que-o-pastor-belga-malinois-e-considerado-o-cao-mais-inteligente-do-mundo\/\",\"name\":\"Por que o Pastor Belga Malinois \u00e9 considerado o c\u00e3o mais inteligente do mundo? - NOTICIA TOTAL\",\"isPartOf\":{\"@id\":\"https:\/\/noticiatotal.net\/#website\"},\"datePublished\":\"2023-06-04T16:27:03+00:00\",\"dateModified\":\"2023-06-23T00:36:42+00:00\",\"author\":{\"@id\":\"https:\/\/noticiatotal.net\/#\/schema\/person\/cad5b22920df7ae426c485cabbe44fdd\"},\"description\":\"O Pastor Belga Malinois \u00e9 considerado o c\u00e3o mais inteligente do mundo. Segundo um estudo publicado na Scientific Reports. VEJA MAIS...\",\"breadcrumb\":{\"@id\":\"https:\/\/noticiatotal.net\/index.php\/2023\/06\/04\/por-que-o-pastor-belga-malinois-e-considerado-o-cao-mais-inteligente-do-mundo\/#breadcrumb\"},\"inLanguage\":\"pt-BR\",\"potentialAction\":[{\"@type\":\"ReadAction\",\"target\":[\"https:\/\/noticiatotal.net\/index.php\/2023\/06\/04\/por-que-o-pastor-belga-malinois-e-considerado-o-cao-mais-inteligente-do-mundo\/\"]}]},{\"@type\":\"BreadcrumbList\",\"@id\":\"https:\/\/noticiatotal.net\/index.php\/2023\/06\/04\/por-que-o-pastor-belga-malinois-e-considerado-o-cao-mais-inteligente-do-mundo\/#breadcrumb\",\"itemListElement\":[{\"@type\":\"ListItem\",\"position\":1,\"name\":\"In\u00edcio\",\"item\":\"https:\/\/noticiatotal.net\/\"},{\"@type\":\"ListItem\",\"position\":2,\"name\":\"Por que o Pastor Belga Malinois \u00e9 considerado o c\u00e3o mais inteligente do mundo?\"}]},{\"@type\":\"WebSite\",\"@id\":\"https:\/\/noticiatotal.net\/#website\",\"url\":\"https:\/\/noticiatotal.net\/\",\"name\":\"NOTICIA TOTAL\",\"description\":\"noticiatotal.net\",\"potentialAction\":[{\"@type\":\"SearchAction\",\"target\":{\"@type\":\"EntryPoint\",\"urlTemplate\":\"https:\/\/noticiatotal.net\/?s={search_term_string}\"},\"query-input\":\"required name=search_term_string\"}],\"inLanguage\":\"pt-BR\"},{\"@type\":\"Person\",\"@id\":\"https:\/\/noticiatotal.net\/#\/schema\/person\/cad5b22920df7ae426c485cabbe44fdd\",\"name\":\"lucasfernandomoura\",\"image\":{\"@type\":\"ImageObject\",\"inLanguage\":\"pt-BR\",\"@id\":\"https:\/\/noticiatotal.net\/#\/schema\/person\/image\/\",\"url\":\"https:\/\/secure.gravatar.com\/avatar\/48496aac2517819aa249e82567f65879bbafd2aa97f45449f4c5a7d823e60786?s=96&d=mm&r=g\",\"contentUrl\":\"https:\/\/secure.gravatar.com\/avatar\/48496aac2517819aa249e82567f65879bbafd2aa97f45449f4c5a7d823e60786?s=96&d=mm&r=g\",\"caption\":\"lucasfernandomoura\"},\"sameAs\":[\"https:\/\/noticiatotal.net\"],\"url\":\"https:\/\/noticiatotal.net\/index.php\/author\/lucasfernandomoura\/\"}]}<\/script>\n<!-- \/ Yoast SEO plugin. -->","yoast_head_json":{"title":"Por que o Pastor Belga Malinois \u00e9 considerado o c\u00e3o mais inteligente do mundo? - NOTICIA TOTAL","description":"O Pastor Belga Malinois \u00e9 considerado o c\u00e3o mais inteligente do mundo. Segundo um estudo publicado na Scientific Reports. VEJA MAIS...","robots":{"index":"index","follow":"follow","max-snippet":"max-snippet:-1","max-image-preview":"max-image-preview:large","max-video-preview":"max-video-preview:-1"},"canonical":"https:\/\/noticiatotal.net\/index.php\/2023\/06\/04\/por-que-o-pastor-belga-malinois-e-considerado-o-cao-mais-inteligente-do-mundo\/","og_locale":"pt_BR","og_type":"article","og_title":"Por que o Pastor Belga Malinois \u00e9 considerado o c\u00e3o mais inteligente do mundo? - NOTICIA TOTAL","og_description":"O Pastor Belga Malinois \u00e9 considerado o c\u00e3o mais inteligente do mundo. Segundo um estudo publicado na Scientific Reports. VEJA MAIS...","og_url":"https:\/\/noticiatotal.net\/index.php\/2023\/06\/04\/por-que-o-pastor-belga-malinois-e-considerado-o-cao-mais-inteligente-do-mundo\/","og_site_name":"NOTICIA TOTAL","article_published_time":"2023-06-04T16:27:03+00:00","article_modified_time":"2023-06-23T00:36:42+00:00","og_image":[{"width":1200,"height":800,"url":"https:\/\/noticiatotal.net\/wp-content\/uploads\/2023\/06\/alemao.jpg","type":"image\/jpeg"}],"author":"lucasfernandomoura","twitter_card":"summary_large_image","twitter_misc":{"Escrito por":"lucasfernandomoura","Est. tempo de leitura":"5 minutos"},"schema":{"@context":"https:\/\/schema.org","@graph":[{"@type":"WebPage","@id":"https:\/\/noticiatotal.net\/index.php\/2023\/06\/04\/por-que-o-pastor-belga-malinois-e-considerado-o-cao-mais-inteligente-do-mundo\/","url":"https:\/\/noticiatotal.net\/index.php\/2023\/06\/04\/por-que-o-pastor-belga-malinois-e-considerado-o-cao-mais-inteligente-do-mundo\/","name":"Por que o Pastor Belga Malinois \u00e9 considerado o c\u00e3o mais inteligente do mundo? - NOTICIA TOTAL","isPartOf":{"@id":"https:\/\/noticiatotal.net\/#website"},"datePublished":"2023-06-04T16:27:03+00:00","dateModified":"2023-06-23T00:36:42+00:00","author":{"@id":"https:\/\/noticiatotal.net\/#\/schema\/person\/cad5b22920df7ae426c485cabbe44fdd"},"description":"O Pastor Belga Malinois \u00e9 considerado o c\u00e3o mais inteligente do mundo. Segundo um estudo publicado na Scientific Reports. VEJA MAIS...","breadcrumb":{"@id":"https:\/\/noticiatotal.net\/index.php\/2023\/06\/04\/por-que-o-pastor-belga-malinois-e-considerado-o-cao-mais-inteligente-do-mundo\/#breadcrumb"},"inLanguage":"pt-BR","potentialAction":[{"@type":"ReadAction","target":["https:\/\/noticiatotal.net\/index.php\/2023\/06\/04\/por-que-o-pastor-belga-malinois-e-considerado-o-cao-mais-inteligente-do-mundo\/"]}]},{"@type":"BreadcrumbList","@id":"https:\/\/noticiatotal.net\/index.php\/2023\/06\/04\/por-que-o-pastor-belga-malinois-e-considerado-o-cao-mais-inteligente-do-mundo\/#breadcrumb","itemListElement":[{"@type":"ListItem","position":1,"name":"In\u00edcio","item":"https:\/\/noticiatotal.net\/"},{"@type":"ListItem","position":2,"name":"Por que o Pastor Belga Malinois \u00e9 considerado o c\u00e3o mais inteligente do mundo?"}]},{"@type":"WebSite","@id":"https:\/\/noticiatotal.net\/#website","url":"https:\/\/noticiatotal.net\/","name":"NOTICIA TOTAL","description":"noticiatotal.net","potentialAction":[{"@type":"SearchAction","target":{"@type":"EntryPoint","urlTemplate":"https:\/\/noticiatotal.net\/?s={search_term_string}"},"query-input":"required name=search_term_string"}],"inLanguage":"pt-BR"},{"@type":"Person","@id":"https:\/\/noticiatotal.net\/#\/schema\/person\/cad5b22920df7ae426c485cabbe44fdd","name":"lucasfernandomoura","image":{"@type":"ImageObject","inLanguage":"pt-BR","@id":"https:\/\/noticiatotal.net\/#\/schema\/person\/image\/","url":"https:\/\/secure.gravatar.com\/avatar\/48496aac2517819aa249e82567f65879bbafd2aa97f45449f4c5a7d823e60786?s=96&d=mm&r=g","contentUrl":"https:\/\/secure.gravatar.com\/avatar\/48496aac2517819aa249e82567f65879bbafd2aa97f45449f4c5a7d823e60786?s=96&d=mm&r=g","caption":"lucasfernandomoura"},"sameAs":["https:\/\/noticiatotal.net"],"url":"https:\/\/noticiatotal.net\/index.php\/author\/lucasfernandomoura\/"}]}},"amp_enabled":true,"_links":{"self":[{"href":"https:\/\/noticiatotal.net\/index.php\/wp-json\/wp\/v2\/posts\/184","targetHints":{"allow":["GET"]}}],"collection":[{"href":"https:\/\/noticiatotal.net\/index.php\/wp-json\/wp\/v2\/posts"}],"about":[{"href":"https:\/\/noticiatotal.net\/index.php\/wp-json\/wp\/v2\/types\/post"}],"author":[{"embeddable":true,"href":"https:\/\/noticiatotal.net\/index.php\/wp-json\/wp\/v2\/users\/1"}],"replies":[{"embeddable":true,"href":"https:\/\/noticiatotal.net\/index.php\/wp-json\/wp\/v2\/comments?post=184"}],"version-history":[{"count":1,"href":"https:\/\/noticiatotal.net\/index.php\/wp-json\/wp\/v2\/posts\/184\/revisions"}],"predecessor-version":[{"id":188,"href":"https:\/\/noticiatotal.net\/index.php\/wp-json\/wp\/v2\/posts\/184\/revisions\/188"}],"wp:featuredmedia":[{"embeddable":true,"href":"https:\/\/noticiatotal.net\/index.php\/wp-json\/wp\/v2\/media\/185"}],"wp:attachment":[{"href":"https:\/\/noticiatotal.net\/index.php\/wp-json\/wp\/v2\/media?parent=184"}],"wp:term":[{"taxonomy":"category","embeddable":true,"href":"https:\/\/noticiatotal.net\/index.php\/wp-json\/wp\/v2\/categories?post=184"},{"taxonomy":"post_tag","embeddable":true,"href":"https:\/\/noticiatotal.net\/index.php\/wp-json\/wp\/v2\/tags?post=184"}],"curies":[{"name":"wp","href":"https:\/\/api.w.org\/{rel}","templated":true}]}}