{"id":189,"date":"2023-06-04T21:00:11","date_gmt":"2023-06-05T00:00:11","guid":{"rendered":"https:\/\/noticiatotal.net\/?p=189"},"modified":"2023-06-22T21:36:54","modified_gmt":"2023-06-23T00:36:54","slug":"as-embalagens-de-paes-e-biscoitos-integrais-passarao-por-atualizacoes-seguindo-novas-regulamentacoes-conheca-as-mudancas","status":"publish","type":"post","link":"https:\/\/noticiatotal.net\/index.php\/2023\/06\/04\/as-embalagens-de-paes-e-biscoitos-integrais-passarao-por-atualizacoes-seguindo-novas-regulamentacoes-conheca-as-mudancas\/","title":{"rendered":"As embalagens de p\u00e3es e biscoitos integrais passar\u00e3o por atualiza\u00e7\u00f5es, seguindo novas regulamenta\u00e7\u00f5es. Conhe\u00e7a as mudan\u00e7as."},"content":{"rendered":"<h2><span style=\"font-family: arial, helvetica, sans-serif;\">De acordo com as diretrizes da Anvisa, os fabricantes de p\u00e3es, biscoitos e outros alimentos integrais dever\u00e3o incluir a porcentagem em suas embalagens como parte das informa\u00e7\u00f5es obrigat\u00f3rias.<\/span><\/h2>\n<p>&nbsp;<\/p>\n<figure id=\"attachment_190\" aria-describedby=\"caption-attachment-190\" style=\"width: 1024px\" class=\"wp-caption alignnone\"><img loading=\"lazy\" decoding=\"async\" class=\"size-large wp-image-190\" src=\"https:\/\/noticiatotal.net\/wp-content\/uploads\/2023\/06\/paes-1024x683.jpg\" alt=\"\" width=\"1024\" height=\"683\" srcset=\"https:\/\/noticiatotal.net\/wp-content\/uploads\/2023\/06\/paes-1024x683.jpg 1024w, https:\/\/noticiatotal.net\/wp-content\/uploads\/2023\/06\/paes-300x200.jpg 300w, https:\/\/noticiatotal.net\/wp-content\/uploads\/2023\/06\/paes-768x512.jpg 768w, https:\/\/noticiatotal.net\/wp-content\/uploads\/2023\/06\/paes.jpg 1200w\" sizes=\"auto, (max-width: 1024px) 100vw, 1024px\" \/><figcaption id=\"caption-attachment-190\" class=\"wp-caption-text\"><span style=\"font-family: arial, helvetica, sans-serif;\">FOTO G1<\/span><\/figcaption><\/figure>\n<p><span style=\"font-family: arial, helvetica, sans-serif; font-size: 14pt;\">Todos estamos cientes de que uma alimenta\u00e7\u00e3o saud\u00e1vel tem um impacto significativo em nossa sa\u00fade e bem-estar di\u00e1rio. Com o aumento da preocupa\u00e7\u00e3o das pessoas em rela\u00e7\u00e3o ao futuro, o consumo de alimentos integrais est\u00e1 em ascens\u00e3o. Se voc\u00ea consome p\u00e3es, biscoitos ou qualquer outro alimento integral, \u00e9 importante se preparar para as mudan\u00e7as nas embalagens desses produtos.<\/span><\/p>\n<p><span style=\"font-family: arial, helvetica, sans-serif; font-size: 14pt;\">Desde abril, entrou em vigor no Brasil uma nova regulamenta\u00e7\u00e3o proposta pela Ag\u00eancia Nacional de Vigil\u00e2ncia Sanit\u00e1ria (Anvisa) para os r\u00f3tulos de produtos integrais, como p\u00e3es, torradas e biscoitos. Anteriormente, n\u00e3o existia uma legisla\u00e7\u00e3o espec\u00edfica para definir o que era considerado um alimento integral.<\/span><\/p>\n<p><span style=\"font-family: arial, helvetica, sans-serif; font-size: 14pt;\">De acordo com as novas diretrizes da Anvisa, para que um produto possa ser rotulado como integral, ele deve conter pelo menos 30% de ingredientes integrais, e essa porcentagem precisa ser destacada na embalagem do produto.<\/span><\/p>\n<h2><span style=\"font-family: arial, helvetica, sans-serif;\">IMPORTANTE<\/span><\/h2>\n<p>&nbsp;<\/p>\n<p><span style=\"font-family: arial, helvetica, sans-serif; font-size: 14pt;\">\u00c9 importante ressaltar que as farinhas integrais e os produtos feitos exclusivamente de cereais integrais, como o arroz integral, s\u00e3o exce\u00e7\u00f5es a essa regulamenta\u00e7\u00e3o.<\/span><\/p>\n<p><span style=\"font-family: arial, helvetica, sans-serif; font-size: 14pt;\">Conforme explicado pela nutricionista Mariana Ribeiro, do Programa de Alimenta\u00e7\u00e3o Saud\u00e1vel e Sustent\u00e1vel do Instituto Brasileiro de Defesa do Consumidor (Idec), os alimentos integrais s\u00e3o altamente recomendados, pois possuem uma absor\u00e7\u00e3o lenta no organismo e s\u00e3o ricos em fibras.<\/span><\/p>\n<p><span style=\"font-family: arial, helvetica, sans-serif; font-size: 14pt;\">&#8220;Um p\u00e3o, um gr\u00e3o, qualquer alimento integral cont\u00e9m uma quantidade maior de fibras, que auxiliam no controle da glicemia, evitando picos de a\u00e7\u00facar no sangue&#8221;, ressaltou ela.<\/span><\/p>\n<h2><span style=\"font-family: arial, helvetica, sans-serif;\">ENTENDENDO AS REGRAS<\/span><\/h2>\n<p>&nbsp;<\/p>\n<figure id=\"attachment_191\" aria-describedby=\"caption-attachment-191\" style=\"width: 1024px\" class=\"wp-caption alignnone\"><img loading=\"lazy\" decoding=\"async\" class=\"size-large wp-image-191\" src=\"https:\/\/noticiatotal.net\/wp-content\/uploads\/2023\/06\/paes_2-1024x683.jpg\" alt=\"\" width=\"1024\" height=\"683\" srcset=\"https:\/\/noticiatotal.net\/wp-content\/uploads\/2023\/06\/paes_2-1024x683.jpg 1024w, https:\/\/noticiatotal.net\/wp-content\/uploads\/2023\/06\/paes_2-300x200.jpg 300w, https:\/\/noticiatotal.net\/wp-content\/uploads\/2023\/06\/paes_2-768x512.jpg 768w, https:\/\/noticiatotal.net\/wp-content\/uploads\/2023\/06\/paes_2.jpg 1200w\" sizes=\"auto, (max-width: 1024px) 100vw, 1024px\" \/><figcaption id=\"caption-attachment-191\" class=\"wp-caption-text\"><span style=\"font-family: arial, helvetica, sans-serif;\">ESSENTIAL NUTRITION<\/span><\/figcaption><\/figure>\n<p><span style=\"font-family: arial, helvetica, sans-serif; font-size: 14pt;\">Essa nova regulamenta\u00e7\u00e3o da Anvisa trar\u00e1 mudan\u00e7as nas embalagens de p\u00e3es, biscoitos e demais alimentos integrais. Vamos analisar os aspectos e o que ser\u00e1 alterado em cada um deles.<\/span><\/p>\n<h2><span style=\"font-family: arial, helvetica, sans-serif; font-size: 14pt;\">Prazo<\/span><\/h2>\n<p>&nbsp;<\/p>\n<p><span style=\"font-family: arial, helvetica, sans-serif; font-size: 14pt;\">Embora essa resolu\u00e7\u00e3o tenha sido publicada em 1\u00ba de setembro do ano passado, a Anvisa estabeleceu um prazo para que as empresas se adequassem \u00e0 nova regra.<\/span><\/p>\n<p><span style=\"font-family: arial, helvetica, sans-serif; font-size: 14pt;\">Esse prazo era at\u00e9 22 de abril deste ano. At\u00e9 essa data, os produtos podiam ser fabricados e comercializados at\u00e9 a data de validade. Portanto, em produtos como espaguete e penne feitos com farinha, esse prazo se estende at\u00e9 2024.<\/span><\/p>\n<p><span style=\"font-family: arial, helvetica, sans-serif; font-size: 14pt;\">Por esse motivo, ainda ser\u00e1 poss\u00edvel encontrar embalagens de p\u00e3es, biscoitos ou outros produtos em ambos os formatos.<\/span><\/p>\n<h2><span style=\"font-family: arial, helvetica, sans-serif; font-size: 14pt;\">Ingredientes<\/span><\/h2>\n<p><span style=\"font-family: arial, helvetica, sans-serif; font-size: 14pt;\">A regra se aplica aos alimentos que cont\u00eam cereais, como trigo e milho, ou pseudocereais, como quinoa e trigo sarraceno. Portanto, para identificar se um produto \u00e9 integral, \u00e9 necess\u00e1rio analisar seus ingredientes. A primeira diretriz da Anvisa foi separar os ingredientes integrais dos refinados.<\/span><\/p>\n<p><span style=\"font-family: arial, helvetica, sans-serif; font-size: 14pt;\">De maneira geral, os cereais integrais n\u00e3o passam pelo processo de refinamento, mantendo sua casca externa, bem como a maior parte de suas fibras, minerais e vitaminas, de acordo com Marina.<\/span><\/p>\n<h2><span style=\"font-family: arial, helvetica, sans-serif; font-size: 14pt;\">Regras<\/span><\/h2>\n<p><span style=\"font-family: arial, helvetica, sans-serif; font-size: 14pt;\">A nova regulamenta\u00e7\u00e3o estabelece que os alimentos classificados como integrais devem conter no m\u00ednimo 30% de ingredientes integrais. Al\u00e9m disso, a quantidade de ingredientes integrais na composi\u00e7\u00e3o total do alimento deve ser maior do que a quantidade de ingredientes refinados.<\/span><\/p>\n<p><span style=\"font-family: arial, helvetica, sans-serif; font-size: 14pt;\">No caso de alimentos concentrados ou em p\u00f3 que requerem reconstitui\u00e7\u00e3o antes do consumo, as regras devem ser seguidas quando o produto estiver pronto para ser consumido, como misturas para bolo ou achocolatados, por exemplo.<\/span><\/p>\n<h2><span style=\"font-family: arial, helvetica, sans-serif; font-size: 14pt;\">Porcentagem vis\u00edvel<\/span><\/h2>\n<p><span style=\"font-family: arial, helvetica, sans-serif; font-size: 14pt;\">Conforme a nova legisla\u00e7\u00e3o, os produtos que possuem a palavra &#8220;integral&#8221; em suas embalagens devem informar a porcentagem de ingredientes integrais presentes no produto. Essa informa\u00e7\u00e3o deve ser apresentada na mesma fonte, tamanho e cor do nome.<\/span><\/p>\n<p><span style=\"font-family: arial, helvetica, sans-serif; font-size: 14pt;\">Da mesma forma, alimentos concentrados ou em p\u00f3 devem calcular a porcentagem com o produto j\u00e1 pronto para consumo.<\/span><\/p>\n<h2><span style=\"font-family: arial, helvetica, sans-serif; font-size: 14pt;\">Multa<\/span><\/h2>\n<p><span style=\"font-family: arial, helvetica, sans-serif; font-size: 14pt;\">Por ser uma regra atual em que o prazo de adequa\u00e7\u00e3o j\u00e1 expirou, o n\u00e3o cumprimento configura uma infra\u00e7\u00e3o sanit\u00e1ria. Portanto, as marcas que n\u00e3o seguirem a nova regulamenta\u00e7\u00e3o podem receber advert\u00eancias, multas, ter seus produtos apreendidos e at\u00e9 terem seu alvar\u00e1 cancelado.<\/span><\/p>\n<p>&nbsp;<\/p>\n<h2><span style=\"font-family: arial, helvetica, sans-serif;\">OS PAES QUE MUDARAM<\/span><\/h2>\n<p>&nbsp;<\/p>\n<figure id=\"attachment_192\" aria-describedby=\"caption-attachment-192\" style=\"width: 1024px\" class=\"wp-caption alignnone\"><img loading=\"lazy\" decoding=\"async\" class=\"size-large wp-image-192\" src=\"https:\/\/noticiatotal.net\/wp-content\/uploads\/2023\/06\/paes_3-1024x683.jpg\" alt=\"\" width=\"1024\" height=\"683\" srcset=\"https:\/\/noticiatotal.net\/wp-content\/uploads\/2023\/06\/paes_3-1024x683.jpg 1024w, https:\/\/noticiatotal.net\/wp-content\/uploads\/2023\/06\/paes_3-300x200.jpg 300w, https:\/\/noticiatotal.net\/wp-content\/uploads\/2023\/06\/paes_3-768x512.jpg 768w, https:\/\/noticiatotal.net\/wp-content\/uploads\/2023\/06\/paes_3.jpg 1200w\" sizes=\"auto, (max-width: 1024px) 100vw, 1024px\" \/><figcaption id=\"caption-attachment-192\" class=\"wp-caption-text\"><span style=\"font-family: arial, helvetica, sans-serif;\">FOTO G1<\/span><\/figcaption><\/figure>\n<p><span style=\"font-family: arial, helvetica, sans-serif; font-size: 14pt;\">Atualmente, j\u00e1 \u00e9 percept\u00edvel nas prateleiras algumas altera\u00e7\u00f5es nas embalagens, principalmente nos p\u00e3es, em conformidade com a nova regulamenta\u00e7\u00e3o. Um exemplo \u00e9 o p\u00e3o da marca Nutrella, que modificou a designa\u00e7\u00e3o de &#8220;100% integral&#8221; para &#8220;100% natural&#8221;.<\/span><\/p>\n<p>&nbsp;<\/p>\n<figure id=\"attachment_193\" aria-describedby=\"caption-attachment-193\" style=\"width: 1024px\" class=\"wp-caption alignnone\"><img loading=\"lazy\" decoding=\"async\" class=\"size-large wp-image-193\" src=\"https:\/\/noticiatotal.net\/wp-content\/uploads\/2023\/06\/paes4-1024x683.jpg\" alt=\"\" width=\"1024\" height=\"683\" srcset=\"https:\/\/noticiatotal.net\/wp-content\/uploads\/2023\/06\/paes4-1024x683.jpg 1024w, https:\/\/noticiatotal.net\/wp-content\/uploads\/2023\/06\/paes4-300x200.jpg 300w, https:\/\/noticiatotal.net\/wp-content\/uploads\/2023\/06\/paes4-768x512.jpg 768w, https:\/\/noticiatotal.net\/wp-content\/uploads\/2023\/06\/paes4.jpg 1200w\" sizes=\"auto, (max-width: 1024px) 100vw, 1024px\" \/><figcaption id=\"caption-attachment-193\" class=\"wp-caption-text\"><span style=\"font-family: arial, helvetica, sans-serif;\">FOTO G1<\/span><\/figcaption><\/figure>\n<p><span style=\"font-family: arial, helvetica, sans-serif; font-size: 14pt;\">Um caso adicional \u00e9 o p\u00e3o de fermenta\u00e7\u00e3o natural da Bauducco, cuja embalagem teve a modifica\u00e7\u00e3o do termo &#8220;integral&#8221; para &#8220;36% integral&#8221;.<\/span><\/p>\n<p>&nbsp;<\/p>\n<p>&nbsp;<\/p>\n","protected":false},"excerpt":{"rendered":"<p>De acordo com as diretrizes da Anvisa, os fabricantes de p\u00e3es, biscoitos e outros alimentos integrais dever\u00e3o incluir a porcentagem em suas embalagens como parte das informa\u00e7\u00f5es obrigat\u00f3rias. &nbsp; Todos estamos cientes de que uma alimenta\u00e7\u00e3o saud\u00e1vel tem um impacto significativo em nossa sa\u00fade e bem-estar di\u00e1rio. Com o aumento da preocupa\u00e7\u00e3o das pessoas em &hellip;<\/p>\n<p class=\"read-more\"> <a class=\"\" href=\"https:\/\/noticiatotal.net\/index.php\/2023\/06\/04\/as-embalagens-de-paes-e-biscoitos-integrais-passarao-por-atualizacoes-seguindo-novas-regulamentacoes-conheca-as-mudancas\/\"> <span class=\"screen-reader-text\">As embalagens de p\u00e3es e biscoitos integrais passar\u00e3o por atualiza\u00e7\u00f5es, seguindo novas regulamenta\u00e7\u00f5es. Conhe\u00e7a as mudan\u00e7as.<\/span> Leia mais &raquo;<\/a><\/p>\n","protected":false},"author":1,"featured_media":190,"comment_status":"closed","ping_status":"open","sticky":false,"template":"","format":"standard","meta":{"site-sidebar-layout":"default","site-content-layout":"default","ast-global-header-display":"","ast-banner-title-visibility":"","ast-main-header-display":"","ast-hfb-above-header-display":"","ast-hfb-below-header-display":"","ast-hfb-mobile-header-display":"","site-post-title":"","ast-breadcrumbs-content":"","ast-featured-img":"","footer-sml-layout":"","theme-transparent-header-meta":"default","adv-header-id-meta":"","stick-header-meta":"","header-above-stick-meta":"","header-main-stick-meta":"","header-below-stick-meta":"","footnotes":""},"categories":[7],"tags":[],"class_list":["post-189","post","type-post","status-publish","format-standard","has-post-thumbnail","hentry","category-brasil"],"yoast_head":"<!-- This site is optimized with the Yoast SEO plugin v21.5 - https:\/\/yoast.com\/wordpress\/plugins\/seo\/ -->\n<title>As embalagens de p\u00e3es e biscoitos integrais passar\u00e3o por atualiza\u00e7\u00f5es, seguindo novas regulamenta\u00e7\u00f5es. Conhe\u00e7a as mudan\u00e7as. - NOTICIA TOTAL<\/title>\n<meta name=\"description\" content=\"Novas Mudan\u00e7as de embalagens Biscoito P\u00e3es. De acordo com as diretrizes da Anvisa, os fabricantes de p\u00e3es, biscoitos e outro aliment VEJA MAIS\" \/>\n<meta name=\"robots\" content=\"index, follow, max-snippet:-1, max-image-preview:large, max-video-preview:-1\" \/>\n<link rel=\"canonical\" href=\"https:\/\/noticiatotal.net\/index.php\/2023\/06\/04\/as-embalagens-de-paes-e-biscoitos-integrais-passarao-por-atualizacoes-seguindo-novas-regulamentacoes-conheca-as-mudancas\/\" \/>\n<meta property=\"og:locale\" content=\"pt_BR\" \/>\n<meta property=\"og:type\" content=\"article\" \/>\n<meta property=\"og:title\" content=\"As embalagens de p\u00e3es e biscoitos integrais passar\u00e3o por atualiza\u00e7\u00f5es, seguindo novas regulamenta\u00e7\u00f5es. Conhe\u00e7a as mudan\u00e7as. - NOTICIA TOTAL\" \/>\n<meta property=\"og:description\" content=\"Novas Mudan\u00e7as de embalagens Biscoito P\u00e3es. De acordo com as diretrizes da Anvisa, os fabricantes de p\u00e3es, biscoitos e outro aliment VEJA MAIS\" \/>\n<meta property=\"og:url\" content=\"https:\/\/noticiatotal.net\/index.php\/2023\/06\/04\/as-embalagens-de-paes-e-biscoitos-integrais-passarao-por-atualizacoes-seguindo-novas-regulamentacoes-conheca-as-mudancas\/\" \/>\n<meta property=\"og:site_name\" content=\"NOTICIA TOTAL\" \/>\n<meta property=\"article:published_time\" content=\"2023-06-05T00:00:11+00:00\" \/>\n<meta property=\"article:modified_time\" content=\"2023-06-23T00:36:54+00:00\" \/>\n<meta property=\"og:image\" content=\"https:\/\/noticiatotal.net\/wp-content\/uploads\/2023\/06\/paes.jpg\" \/>\n\t<meta property=\"og:image:width\" content=\"1200\" \/>\n\t<meta property=\"og:image:height\" content=\"800\" \/>\n\t<meta property=\"og:image:type\" content=\"image\/jpeg\" \/>\n<meta name=\"author\" content=\"lucasfernandomoura\" \/>\n<meta name=\"twitter:card\" content=\"summary_large_image\" \/>\n<meta name=\"twitter:label1\" content=\"Escrito por\" \/>\n\t<meta name=\"twitter:data1\" content=\"lucasfernandomoura\" \/>\n\t<meta name=\"twitter:label2\" content=\"Est. tempo de leitura\" \/>\n\t<meta name=\"twitter:data2\" content=\"5 minutos\" \/>\n<script type=\"application\/ld+json\" class=\"yoast-schema-graph\">{\"@context\":\"https:\/\/schema.org\",\"@graph\":[{\"@type\":\"WebPage\",\"@id\":\"https:\/\/noticiatotal.net\/index.php\/2023\/06\/04\/as-embalagens-de-paes-e-biscoitos-integrais-passarao-por-atualizacoes-seguindo-novas-regulamentacoes-conheca-as-mudancas\/\",\"url\":\"https:\/\/noticiatotal.net\/index.php\/2023\/06\/04\/as-embalagens-de-paes-e-biscoitos-integrais-passarao-por-atualizacoes-seguindo-novas-regulamentacoes-conheca-as-mudancas\/\",\"name\":\"As embalagens de p\u00e3es e biscoitos integrais passar\u00e3o por atualiza\u00e7\u00f5es, seguindo novas regulamenta\u00e7\u00f5es. Conhe\u00e7a as mudan\u00e7as. - NOTICIA TOTAL\",\"isPartOf\":{\"@id\":\"https:\/\/noticiatotal.net\/#website\"},\"datePublished\":\"2023-06-05T00:00:11+00:00\",\"dateModified\":\"2023-06-23T00:36:54+00:00\",\"author\":{\"@id\":\"https:\/\/noticiatotal.net\/#\/schema\/person\/cad5b22920df7ae426c485cabbe44fdd\"},\"description\":\"Novas Mudan\u00e7as de embalagens Biscoito P\u00e3es. De acordo com as diretrizes da Anvisa, os fabricantes de p\u00e3es, biscoitos e outro aliment VEJA MAIS\",\"breadcrumb\":{\"@id\":\"https:\/\/noticiatotal.net\/index.php\/2023\/06\/04\/as-embalagens-de-paes-e-biscoitos-integrais-passarao-por-atualizacoes-seguindo-novas-regulamentacoes-conheca-as-mudancas\/#breadcrumb\"},\"inLanguage\":\"pt-BR\",\"potentialAction\":[{\"@type\":\"ReadAction\",\"target\":[\"https:\/\/noticiatotal.net\/index.php\/2023\/06\/04\/as-embalagens-de-paes-e-biscoitos-integrais-passarao-por-atualizacoes-seguindo-novas-regulamentacoes-conheca-as-mudancas\/\"]}]},{\"@type\":\"BreadcrumbList\",\"@id\":\"https:\/\/noticiatotal.net\/index.php\/2023\/06\/04\/as-embalagens-de-paes-e-biscoitos-integrais-passarao-por-atualizacoes-seguindo-novas-regulamentacoes-conheca-as-mudancas\/#breadcrumb\",\"itemListElement\":[{\"@type\":\"ListItem\",\"position\":1,\"name\":\"In\u00edcio\",\"item\":\"https:\/\/noticiatotal.net\/\"},{\"@type\":\"ListItem\",\"position\":2,\"name\":\"As embalagens de p\u00e3es e biscoitos integrais passar\u00e3o por atualiza\u00e7\u00f5es, seguindo novas regulamenta\u00e7\u00f5es. Conhe\u00e7a as mudan\u00e7as.\"}]},{\"@type\":\"WebSite\",\"@id\":\"https:\/\/noticiatotal.net\/#website\",\"url\":\"https:\/\/noticiatotal.net\/\",\"name\":\"NOTICIA TOTAL\",\"description\":\"noticiatotal.net\",\"potentialAction\":[{\"@type\":\"SearchAction\",\"target\":{\"@type\":\"EntryPoint\",\"urlTemplate\":\"https:\/\/noticiatotal.net\/?s={search_term_string}\"},\"query-input\":\"required name=search_term_string\"}],\"inLanguage\":\"pt-BR\"},{\"@type\":\"Person\",\"@id\":\"https:\/\/noticiatotal.net\/#\/schema\/person\/cad5b22920df7ae426c485cabbe44fdd\",\"name\":\"lucasfernandomoura\",\"image\":{\"@type\":\"ImageObject\",\"inLanguage\":\"pt-BR\",\"@id\":\"https:\/\/noticiatotal.net\/#\/schema\/person\/image\/\",\"url\":\"https:\/\/secure.gravatar.com\/avatar\/48496aac2517819aa249e82567f65879bbafd2aa97f45449f4c5a7d823e60786?s=96&d=mm&r=g\",\"contentUrl\":\"https:\/\/secure.gravatar.com\/avatar\/48496aac2517819aa249e82567f65879bbafd2aa97f45449f4c5a7d823e60786?s=96&d=mm&r=g\",\"caption\":\"lucasfernandomoura\"},\"sameAs\":[\"https:\/\/noticiatotal.net\"],\"url\":\"https:\/\/noticiatotal.net\/index.php\/author\/lucasfernandomoura\/\"}]}<\/script>\n<!-- \/ Yoast SEO plugin. -->","yoast_head_json":{"title":"As embalagens de p\u00e3es e biscoitos integrais passar\u00e3o por atualiza\u00e7\u00f5es, seguindo novas regulamenta\u00e7\u00f5es. Conhe\u00e7a as mudan\u00e7as. - NOTICIA TOTAL","description":"Novas Mudan\u00e7as de embalagens Biscoito P\u00e3es. De acordo com as diretrizes da Anvisa, os fabricantes de p\u00e3es, biscoitos e outro aliment VEJA MAIS","robots":{"index":"index","follow":"follow","max-snippet":"max-snippet:-1","max-image-preview":"max-image-preview:large","max-video-preview":"max-video-preview:-1"},"canonical":"https:\/\/noticiatotal.net\/index.php\/2023\/06\/04\/as-embalagens-de-paes-e-biscoitos-integrais-passarao-por-atualizacoes-seguindo-novas-regulamentacoes-conheca-as-mudancas\/","og_locale":"pt_BR","og_type":"article","og_title":"As embalagens de p\u00e3es e biscoitos integrais passar\u00e3o por atualiza\u00e7\u00f5es, seguindo novas regulamenta\u00e7\u00f5es. Conhe\u00e7a as mudan\u00e7as. - NOTICIA TOTAL","og_description":"Novas Mudan\u00e7as de embalagens Biscoito P\u00e3es. De acordo com as diretrizes da Anvisa, os fabricantes de p\u00e3es, biscoitos e outro aliment VEJA MAIS","og_url":"https:\/\/noticiatotal.net\/index.php\/2023\/06\/04\/as-embalagens-de-paes-e-biscoitos-integrais-passarao-por-atualizacoes-seguindo-novas-regulamentacoes-conheca-as-mudancas\/","og_site_name":"NOTICIA TOTAL","article_published_time":"2023-06-05T00:00:11+00:00","article_modified_time":"2023-06-23T00:36:54+00:00","og_image":[{"width":1200,"height":800,"url":"https:\/\/noticiatotal.net\/wp-content\/uploads\/2023\/06\/paes.jpg","type":"image\/jpeg"}],"author":"lucasfernandomoura","twitter_card":"summary_large_image","twitter_misc":{"Escrito por":"lucasfernandomoura","Est. tempo de leitura":"5 minutos"},"schema":{"@context":"https:\/\/schema.org","@graph":[{"@type":"WebPage","@id":"https:\/\/noticiatotal.net\/index.php\/2023\/06\/04\/as-embalagens-de-paes-e-biscoitos-integrais-passarao-por-atualizacoes-seguindo-novas-regulamentacoes-conheca-as-mudancas\/","url":"https:\/\/noticiatotal.net\/index.php\/2023\/06\/04\/as-embalagens-de-paes-e-biscoitos-integrais-passarao-por-atualizacoes-seguindo-novas-regulamentacoes-conheca-as-mudancas\/","name":"As embalagens de p\u00e3es e biscoitos integrais passar\u00e3o por atualiza\u00e7\u00f5es, seguindo novas regulamenta\u00e7\u00f5es. Conhe\u00e7a as mudan\u00e7as. - NOTICIA TOTAL","isPartOf":{"@id":"https:\/\/noticiatotal.net\/#website"},"datePublished":"2023-06-05T00:00:11+00:00","dateModified":"2023-06-23T00:36:54+00:00","author":{"@id":"https:\/\/noticiatotal.net\/#\/schema\/person\/cad5b22920df7ae426c485cabbe44fdd"},"description":"Novas Mudan\u00e7as de embalagens Biscoito P\u00e3es. De acordo com as diretrizes da Anvisa, os fabricantes de p\u00e3es, biscoitos e outro aliment VEJA MAIS","breadcrumb":{"@id":"https:\/\/noticiatotal.net\/index.php\/2023\/06\/04\/as-embalagens-de-paes-e-biscoitos-integrais-passarao-por-atualizacoes-seguindo-novas-regulamentacoes-conheca-as-mudancas\/#breadcrumb"},"inLanguage":"pt-BR","potentialAction":[{"@type":"ReadAction","target":["https:\/\/noticiatotal.net\/index.php\/2023\/06\/04\/as-embalagens-de-paes-e-biscoitos-integrais-passarao-por-atualizacoes-seguindo-novas-regulamentacoes-conheca-as-mudancas\/"]}]},{"@type":"BreadcrumbList","@id":"https:\/\/noticiatotal.net\/index.php\/2023\/06\/04\/as-embalagens-de-paes-e-biscoitos-integrais-passarao-por-atualizacoes-seguindo-novas-regulamentacoes-conheca-as-mudancas\/#breadcrumb","itemListElement":[{"@type":"ListItem","position":1,"name":"In\u00edcio","item":"https:\/\/noticiatotal.net\/"},{"@type":"ListItem","position":2,"name":"As embalagens de p\u00e3es e biscoitos integrais passar\u00e3o por atualiza\u00e7\u00f5es, seguindo novas regulamenta\u00e7\u00f5es. Conhe\u00e7a as mudan\u00e7as."}]},{"@type":"WebSite","@id":"https:\/\/noticiatotal.net\/#website","url":"https:\/\/noticiatotal.net\/","name":"NOTICIA TOTAL","description":"noticiatotal.net","potentialAction":[{"@type":"SearchAction","target":{"@type":"EntryPoint","urlTemplate":"https:\/\/noticiatotal.net\/?s={search_term_string}"},"query-input":"required name=search_term_string"}],"inLanguage":"pt-BR"},{"@type":"Person","@id":"https:\/\/noticiatotal.net\/#\/schema\/person\/cad5b22920df7ae426c485cabbe44fdd","name":"lucasfernandomoura","image":{"@type":"ImageObject","inLanguage":"pt-BR","@id":"https:\/\/noticiatotal.net\/#\/schema\/person\/image\/","url":"https:\/\/secure.gravatar.com\/avatar\/48496aac2517819aa249e82567f65879bbafd2aa97f45449f4c5a7d823e60786?s=96&d=mm&r=g","contentUrl":"https:\/\/secure.gravatar.com\/avatar\/48496aac2517819aa249e82567f65879bbafd2aa97f45449f4c5a7d823e60786?s=96&d=mm&r=g","caption":"lucasfernandomoura"},"sameAs":["https:\/\/noticiatotal.net"],"url":"https:\/\/noticiatotal.net\/index.php\/author\/lucasfernandomoura\/"}]}},"amp_enabled":true,"_links":{"self":[{"href":"https:\/\/noticiatotal.net\/index.php\/wp-json\/wp\/v2\/posts\/189","targetHints":{"allow":["GET"]}}],"collection":[{"href":"https:\/\/noticiatotal.net\/index.php\/wp-json\/wp\/v2\/posts"}],"about":[{"href":"https:\/\/noticiatotal.net\/index.php\/wp-json\/wp\/v2\/types\/post"}],"author":[{"embeddable":true,"href":"https:\/\/noticiatotal.net\/index.php\/wp-json\/wp\/v2\/users\/1"}],"replies":[{"embeddable":true,"href":"https:\/\/noticiatotal.net\/index.php\/wp-json\/wp\/v2\/comments?post=189"}],"version-history":[{"count":1,"href":"https:\/\/noticiatotal.net\/index.php\/wp-json\/wp\/v2\/posts\/189\/revisions"}],"predecessor-version":[{"id":194,"href":"https:\/\/noticiatotal.net\/index.php\/wp-json\/wp\/v2\/posts\/189\/revisions\/194"}],"wp:featuredmedia":[{"embeddable":true,"href":"https:\/\/noticiatotal.net\/index.php\/wp-json\/wp\/v2\/media\/190"}],"wp:attachment":[{"href":"https:\/\/noticiatotal.net\/index.php\/wp-json\/wp\/v2\/media?parent=189"}],"wp:term":[{"taxonomy":"category","embeddable":true,"href":"https:\/\/noticiatotal.net\/index.php\/wp-json\/wp\/v2\/categories?post=189"},{"taxonomy":"post_tag","embeddable":true,"href":"https:\/\/noticiatotal.net\/index.php\/wp-json\/wp\/v2\/tags?post=189"}],"curies":[{"name":"wp","href":"https:\/\/api.w.org\/{rel}","templated":true}]}}