{"id":226,"date":"2023-06-06T18:56:19","date_gmt":"2023-06-06T21:56:19","guid":{"rendered":"https:\/\/noticiatotal.net\/?p=226"},"modified":"2023-06-22T22:05:49","modified_gmt":"2023-06-23T01:05:49","slug":"experiencia-pro-apple-revela-oculos-que-fundem-a-realidade-digital-e-o-mundo-fisico","status":"publish","type":"post","link":"https:\/\/noticiatotal.net\/index.php\/2023\/06\/06\/experiencia-pro-apple-revela-oculos-que-fundem-a-realidade-digital-e-o-mundo-fisico\/","title":{"rendered":"Experi\u00eancia PRO: Apple revela \u00f3culos que fundem a realidade digital e o mundo f\u00edsico"},"content":{"rendered":"<h2><span style=\"font-family: arial, helvetica, sans-serif;\">No evento recente, a Apple revelou seu mais novo produto, o Apple Vision Pro. Neste artigo, destacamos algumas das incr\u00edveis funcionalidades encontradas nesses \u00f3culos inovadores<\/span><\/h2>\n<p>&nbsp;<\/p>\n<figure id=\"attachment_227\" aria-describedby=\"caption-attachment-227\" style=\"width: 1024px\" class=\"wp-caption alignnone\"><img loading=\"lazy\" decoding=\"async\" class=\"size-large wp-image-227\" src=\"https:\/\/noticiatotal.net\/wp-content\/uploads\/2023\/06\/nota-fiscal-1024x683.jpg\" alt=\"\" width=\"1024\" height=\"683\" srcset=\"https:\/\/noticiatotal.net\/wp-content\/uploads\/2023\/06\/nota-fiscal-1024x683.jpg 1024w, https:\/\/noticiatotal.net\/wp-content\/uploads\/2023\/06\/nota-fiscal-300x200.jpg 300w, https:\/\/noticiatotal.net\/wp-content\/uploads\/2023\/06\/nota-fiscal-768x512.jpg 768w, https:\/\/noticiatotal.net\/wp-content\/uploads\/2023\/06\/nota-fiscal.jpg 1200w\" sizes=\"auto, (max-width: 1024px) 100vw, 1024px\" \/><figcaption id=\"caption-attachment-227\" class=\"wp-caption-text\"><span style=\"font-family: arial, helvetica, sans-serif;\">REPRODU\u00c7\u00c3O GETTY IMAGES<\/span><\/figcaption><\/figure>\n<p><span style=\"font-family: arial, helvetica, sans-serif; font-size: 14pt;\">Nos dias atuais, uma das empresas reconhecidas por suas constantes inova\u00e7\u00f5es e eventos de lan\u00e7amento mundialmente aguardados \u00e9 a Apple. Com uma hist\u00f3ria de longa data, a empresa tem sido pioneira no mercado eletr\u00f4nico desde seu in\u00edcio. Recentemente, mais especificamente na quinta-feira, ocorreu o WWDC 2023, o evento onde a Apple apresentou seus novos produtos. Nessa ocasi\u00e3o, foi revelado o Apple Vision Pro, um par de \u00f3culos de realidade virtual aumentada.<\/span><\/p>\n<p><span style=\"font-family: arial, helvetica, sans-serif; font-size: 14pt;\">Segundo informa\u00e7\u00f5es da pr\u00f3pria empresa, esses \u00f3culos representam uma nova forma de computa\u00e7\u00e3o conhecida como computa\u00e7\u00e3o espacial. Essa tecnologia combina de maneira inovadora conte\u00fado digital e f\u00edsico. Com o Apple Vision Pro, os usu\u00e1rios t\u00eam a capacidade de interagir com seus aplicativos favoritos, reviver ou criar novas mem\u00f3rias, desfrutar de filmes e s\u00e9ries, e at\u00e9 mesmo se conectar com outras pessoas. O dispositivo conta com uma tela infinita que oferece uma interface 3D controlada por meio de gestos oculares, manuais e comandos de voz.<\/span><\/p>\n<p><span style=\"font-family: arial, helvetica, sans-serif; font-size: 14pt;\">Durante o evento, a Apple demonstrou algumas das funcionalidades deste novo dispositivo, inclusive revelando uma parceria com o Disney+. A seguir, apresentamos cinco recursos impressionantes oferecidos pelo Apple Vision Pro.<\/span><\/p>\n<h2><span style=\"font-family: arial, helvetica, sans-serif;\">O \u00d3CULOS<\/span><\/h2>\n<p>&nbsp;<\/p>\n<figure id=\"attachment_228\" aria-describedby=\"caption-attachment-228\" style=\"width: 1024px\" class=\"wp-caption alignnone\"><img loading=\"lazy\" decoding=\"async\" class=\"size-large wp-image-228\" src=\"https:\/\/noticiatotal.net\/wp-content\/uploads\/2023\/06\/apple-oculos-1024x683.jpg\" alt=\"\" width=\"1024\" height=\"683\" srcset=\"https:\/\/noticiatotal.net\/wp-content\/uploads\/2023\/06\/apple-oculos-1024x683.jpg 1024w, https:\/\/noticiatotal.net\/wp-content\/uploads\/2023\/06\/apple-oculos-300x200.jpg 300w, https:\/\/noticiatotal.net\/wp-content\/uploads\/2023\/06\/apple-oculos-768x512.jpg 768w, https:\/\/noticiatotal.net\/wp-content\/uploads\/2023\/06\/apple-oculos.jpg 1200w\" sizes=\"auto, (max-width: 1024px) 100vw, 1024px\" \/><figcaption id=\"caption-attachment-228\" class=\"wp-caption-text\"><span style=\"font-family: arial, helvetica, sans-serif;\">FOTO OLHAR DIGITAL<\/span><\/figcaption><\/figure>\n<p><span style=\"font-family: arial, helvetica, sans-serif; font-size: 14pt;\">Segundo a empresa, seu mais recente dispositivo conta com dois monitores de alta resolu\u00e7\u00e3o, proporcionando uma experi\u00eancia cinematogr\u00e1fica em qualquer ambiente, com uma tela de at\u00e9 30 metros de largura. Isso permite que os usu\u00e1rios desfrutem de filmes, s\u00e9ries e programas de TV em formato 3D.<\/span><\/p>\n<p><span style=\"font-family: arial, helvetica, sans-serif; font-size: 14pt;\">Al\u00e9m disso, o novo sistema operacional dos \u00f3culos, chamado visionOS, introduz uma nova dimens\u00e3o de imers\u00e3o nos jogos, levando os jogadores a explorarem mundos totalmente novos.<\/span><\/p>\n<p>&nbsp;<\/p>\n<h2><span style=\"font-family: arial, helvetica, sans-serif;\">AREA DE TRABALHO<\/span><\/h2>\n<p>&nbsp;<\/p>\n<figure id=\"attachment_229\" aria-describedby=\"caption-attachment-229\" style=\"width: 1024px\" class=\"wp-caption alignnone\"><img loading=\"lazy\" decoding=\"async\" class=\"size-large wp-image-229\" src=\"https:\/\/noticiatotal.net\/wp-content\/uploads\/2023\/06\/apple-oculo_2-1024x683.jpg\" alt=\"\" width=\"1024\" height=\"683\" srcset=\"https:\/\/noticiatotal.net\/wp-content\/uploads\/2023\/06\/apple-oculo_2-1024x683.jpg 1024w, https:\/\/noticiatotal.net\/wp-content\/uploads\/2023\/06\/apple-oculo_2-300x200.jpg 300w, https:\/\/noticiatotal.net\/wp-content\/uploads\/2023\/06\/apple-oculo_2-768x512.jpg 768w, https:\/\/noticiatotal.net\/wp-content\/uploads\/2023\/06\/apple-oculo_2.jpg 1200w\" sizes=\"auto, (max-width: 1024px) 100vw, 1024px\" \/><figcaption id=\"caption-attachment-229\" class=\"wp-caption-text\"><span style=\"font-family: arial, helvetica, sans-serif;\">REPRODU\u00c7\u00c3O OLHAR DIGITAL<\/span><\/figcaption><\/figure>\n<p><span style=\"font-family: arial, helvetica, sans-serif; font-size: 14pt;\">O sistema operacional do Apple Vision Pro oferece aos usu\u00e1rios a liberdade de utilizar aplicativos sem restri\u00e7\u00f5es de tamanho de tela. Isso significa que eles podem organizar os aplicativos de acordo com suas prefer\u00eancias e em qualquer escala desejada. Al\u00e9m disso, os \u00f3culos possuem suporte para o Magic Keyboard e o Magic Trackpad, proporcionando uma experi\u00eancia multitarefa com a tela infinita e em resolu\u00e7\u00e3o 4K.<\/span><\/p>\n<p>&nbsp;<\/p>\n<h2><span style=\"font-family: arial, helvetica, sans-serif;\">FACE TIME<\/span><\/h2>\n<p>&nbsp;<\/p>\n<figure id=\"attachment_230\" aria-describedby=\"caption-attachment-230\" style=\"width: 1024px\" class=\"wp-caption alignnone\"><img loading=\"lazy\" decoding=\"async\" class=\"size-large wp-image-230\" src=\"https:\/\/noticiatotal.net\/wp-content\/uploads\/2023\/06\/apple-oculos_3-1024x683.jpg\" alt=\"\" width=\"1024\" height=\"683\" srcset=\"https:\/\/noticiatotal.net\/wp-content\/uploads\/2023\/06\/apple-oculos_3-1024x683.jpg 1024w, https:\/\/noticiatotal.net\/wp-content\/uploads\/2023\/06\/apple-oculos_3-300x200.jpg 300w, https:\/\/noticiatotal.net\/wp-content\/uploads\/2023\/06\/apple-oculos_3-768x512.jpg 768w, https:\/\/noticiatotal.net\/wp-content\/uploads\/2023\/06\/apple-oculos_3.jpg 1200w\" sizes=\"auto, (max-width: 1024px) 100vw, 1024px\" \/><figcaption id=\"caption-attachment-230\" class=\"wp-caption-text\"><span style=\"font-family: arial, helvetica, sans-serif;\">FOTO OLHAR DIGITAL<\/span><\/figcaption><\/figure>\n<p><span style=\"font-family: arial, helvetica, sans-serif; font-size: 14pt;\">Embora o FaceTime n\u00e3o seja uma novidade para a empresa, o Apple Vision Pro apresenta uma abordagem inovadora para essa funcionalidade. Com ele, o espa\u00e7o ao redor da pessoa \u00e9 utilizado para mostrar os participantes da chamada em tamanho real, acompanhado de \u00e1udio espacial para uma experi\u00eancia imersiva.<\/span><\/p>\n<p><span style=\"font-family: arial, helvetica, sans-serif; font-size: 14pt;\">Nesse sentido, surge a pergunta: como ser\u00e1 a representa\u00e7\u00e3o da pessoa que est\u00e1 usando os \u00f3culos durante a chamada? Durante a chamada, o usu\u00e1rio ter\u00e1 uma representa\u00e7\u00e3o digital que refletir\u00e1 seus movimentos faciais e gestos em tempo real.<\/span><\/p>\n<p>&nbsp;<\/p>\n<h2><span style=\"font-family: arial, helvetica, sans-serif;\">IMERS\u00c3O TOTAL<\/span><\/h2>\n<p>&nbsp;<\/p>\n<figure id=\"attachment_231\" aria-describedby=\"caption-attachment-231\" style=\"width: 1024px\" class=\"wp-caption alignnone\"><img loading=\"lazy\" decoding=\"async\" class=\"size-large wp-image-231\" src=\"https:\/\/noticiatotal.net\/wp-content\/uploads\/2023\/06\/apple-oculo_4-1024x683.jpg\" alt=\"\" width=\"1024\" height=\"683\" srcset=\"https:\/\/noticiatotal.net\/wp-content\/uploads\/2023\/06\/apple-oculo_4-1024x683.jpg 1024w, https:\/\/noticiatotal.net\/wp-content\/uploads\/2023\/06\/apple-oculo_4-300x200.jpg 300w, https:\/\/noticiatotal.net\/wp-content\/uploads\/2023\/06\/apple-oculo_4-768x512.jpg 768w, https:\/\/noticiatotal.net\/wp-content\/uploads\/2023\/06\/apple-oculo_4.jpg 1200w\" sizes=\"auto, (max-width: 1024px) 100vw, 1024px\" \/><figcaption id=\"caption-attachment-231\" class=\"wp-caption-text\"><span style=\"font-family: arial, helvetica, sans-serif;\">A bateria n\u00e3o \u00e9 integrada ao Vision Pro. FOTO OLHAR DIGITAL<\/span><\/figcaption><\/figure>\n<p><span style=\"font-family: arial, helvetica, sans-serif; font-size: 14pt;\">Os \u00f3culos apresentam uma funcionalidade chamada &#8220;Ambientes&#8221;, que permite que o mundo digital se expanda al\u00e9m das dimens\u00f5es f\u00edsicas da sala em que a pessoa se encontra. Isso proporciona uma experi\u00eancia imersiva, onde o usu\u00e1rio \u00e9 virtualmente transportado para diversas paisagens. O interessante \u00e9 que o usu\u00e1rio do Apple Vision Pro pode controlar o n\u00edvel de imers\u00e3o desejado, ajustando-o atrav\u00e9s de um bot\u00e3o presente nos \u00f3culos.<\/span><\/p>\n<h2><span style=\"font-family: arial, helvetica, sans-serif;\">RECONHECIMENTO DA \u00cdRIS<\/span><\/h2>\n<p>&nbsp;<\/p>\n<figure id=\"attachment_232\" aria-describedby=\"caption-attachment-232\" style=\"width: 1024px\" class=\"wp-caption alignnone\"><img loading=\"lazy\" decoding=\"async\" class=\"size-large wp-image-232\" src=\"https:\/\/noticiatotal.net\/wp-content\/uploads\/2023\/06\/apple-oculo_5-1024x683.jpg\" alt=\"\" width=\"1024\" height=\"683\" srcset=\"https:\/\/noticiatotal.net\/wp-content\/uploads\/2023\/06\/apple-oculo_5-1024x683.jpg 1024w, https:\/\/noticiatotal.net\/wp-content\/uploads\/2023\/06\/apple-oculo_5-300x200.jpg 300w, https:\/\/noticiatotal.net\/wp-content\/uploads\/2023\/06\/apple-oculo_5-768x512.jpg 768w, https:\/\/noticiatotal.net\/wp-content\/uploads\/2023\/06\/apple-oculo_5.jpg 1200w\" sizes=\"auto, (max-width: 1024px) 100vw, 1024px\" \/><figcaption id=\"caption-attachment-232\" class=\"wp-caption-text\"><span style=\"font-family: arial, helvetica, sans-serif;\">OLHAR DIGITAL<\/span><\/figcaption><\/figure>\n<p><span style=\"font-family: arial, helvetica, sans-serif; font-size: 14pt;\">O Apple Vision Pro apresenta o recurso chamado EyeSight, um mecanismo que \u00e9 capaz de reconhecer os movimentos da \u00edris do olho, permitindo determinar onde a pessoa est\u00e1 direcionando seu foco. Por exemplo, se o foco estiver em algo exibido nos \u00f3culos, uma representa\u00e7\u00e3o sutil ser\u00e1 exibida na tela para indicar \u00e0s outras pessoas que o usu\u00e1rio est\u00e1 concentrado em uma tarefa. Por outro lado, se o foco estiver em algo externo, os olhos do usu\u00e1rio ser\u00e3o vis\u00edveis por meio dos \u00f3culos, possibilitando o estabelecimento de contato visual.<\/span><\/p>\n<p>&nbsp;<\/p>\n<h2><span style=\"font-family: arial, helvetica, sans-serif;\">Vision Pro: Disponibilidade e Pre\u00e7o<\/span><\/h2>\n<p>&nbsp;<\/p>\n<p><span style=\"font-family: arial, helvetica, sans-serif; font-size: 14pt;\">O lan\u00e7amento do Vision Pro ainda est\u00e1 um pouco distante, pois a Apple planeja disponibilizar o dispositivo no pr\u00f3ximo ano. Espera-se que novas informa\u00e7\u00f5es sobre o aparelho sejam divulgadas nos pr\u00f3ximos meses. O pre\u00e7o do Vision Pro ser\u00e1 de US$ 3.500 quando chegar \u00e0s lojas no in\u00edcio de 2024 nos Estados Unidos. A empresa tem planos de lan\u00e7\u00e1-lo em &#8220;outros pa\u00edses&#8221; ao longo do pr\u00f3ximo ano, embora n\u00e3o esteja claro se o Brasil est\u00e1 inclu\u00eddo nesses planos.<\/span><\/p>\n","protected":false},"excerpt":{"rendered":"<p>No evento recente, a Apple revelou seu mais novo produto, o Apple Vision Pro. Neste artigo, destacamos algumas das incr\u00edveis funcionalidades encontradas nesses \u00f3culos inovadores &nbsp; Nos dias atuais, uma das empresas reconhecidas por suas constantes inova\u00e7\u00f5es e eventos de lan\u00e7amento mundialmente aguardados \u00e9 a Apple. Com uma hist\u00f3ria de longa data, a empresa tem &hellip;<\/p>\n<p class=\"read-more\"> <a class=\"\" href=\"https:\/\/noticiatotal.net\/index.php\/2023\/06\/06\/experiencia-pro-apple-revela-oculos-que-fundem-a-realidade-digital-e-o-mundo-fisico\/\"> <span class=\"screen-reader-text\">Experi\u00eancia PRO: Apple revela \u00f3culos que fundem a realidade digital e o mundo f\u00edsico<\/span> Leia mais &raquo;<\/a><\/p>\n","protected":false},"author":1,"featured_media":227,"comment_status":"closed","ping_status":"open","sticky":false,"template":"","format":"standard","meta":{"site-sidebar-layout":"default","site-content-layout":"default","ast-global-header-display":"","ast-banner-title-visibility":"","ast-main-header-display":"","ast-hfb-above-header-display":"","ast-hfb-below-header-display":"","ast-hfb-mobile-header-display":"","site-post-title":"","ast-breadcrumbs-content":"","ast-featured-img":"","footer-sml-layout":"","theme-transparent-header-meta":"default","adv-header-id-meta":"","stick-header-meta":"","header-above-stick-meta":"","header-main-stick-meta":"","header-below-stick-meta":"","footnotes":""},"categories":[2],"tags":[35,36],"class_list":["post-226","post","type-post","status-publish","format-standard","has-post-thumbnail","hentry","category-tecnologia","tag-apple","tag-oculos"],"yoast_head":"<!-- This site is optimized with the Yoast SEO plugin v21.5 - https:\/\/yoast.com\/wordpress\/plugins\/seo\/ -->\n<title>Experi\u00eancia PRO: Apple revela \u00f3culos que fundem a realidade digital e o mundo f\u00edsico - NOTICIA TOTAL<\/title>\n<meta name=\"description\" content=\"Apple revela \u00f3culos que fundem a realidade digital e o mundo f\u00edsico. No evento recente, a Apple revelou seu mais novo produto, o Apple Vision\" \/>\n<meta name=\"robots\" content=\"index, follow, max-snippet:-1, max-image-preview:large, max-video-preview:-1\" \/>\n<link rel=\"canonical\" href=\"https:\/\/noticiatotal.net\/index.php\/2023\/06\/06\/experiencia-pro-apple-revela-oculos-que-fundem-a-realidade-digital-e-o-mundo-fisico\/\" \/>\n<meta property=\"og:locale\" content=\"pt_BR\" \/>\n<meta property=\"og:type\" content=\"article\" \/>\n<meta property=\"og:title\" content=\"Experi\u00eancia PRO: Apple revela \u00f3culos que fundem a realidade digital e o mundo f\u00edsico - NOTICIA TOTAL\" \/>\n<meta property=\"og:description\" content=\"Apple revela \u00f3culos que fundem a realidade digital e o mundo f\u00edsico. No evento recente, a Apple revelou seu mais novo produto, o Apple Vision\" \/>\n<meta property=\"og:url\" content=\"https:\/\/noticiatotal.net\/index.php\/2023\/06\/06\/experiencia-pro-apple-revela-oculos-que-fundem-a-realidade-digital-e-o-mundo-fisico\/\" \/>\n<meta property=\"og:site_name\" content=\"NOTICIA TOTAL\" \/>\n<meta property=\"article:published_time\" content=\"2023-06-06T21:56:19+00:00\" \/>\n<meta property=\"article:modified_time\" content=\"2023-06-23T01:05:49+00:00\" \/>\n<meta property=\"og:image\" content=\"https:\/\/noticiatotal.net\/wp-content\/uploads\/2023\/06\/nota-fiscal.jpg\" \/>\n\t<meta property=\"og:image:width\" content=\"1200\" \/>\n\t<meta property=\"og:image:height\" content=\"800\" \/>\n\t<meta property=\"og:image:type\" content=\"image\/jpeg\" \/>\n<meta name=\"author\" content=\"lucasfernandomoura\" \/>\n<meta name=\"twitter:card\" content=\"summary_large_image\" \/>\n<meta name=\"twitter:label1\" content=\"Escrito por\" \/>\n\t<meta name=\"twitter:data1\" content=\"lucasfernandomoura\" \/>\n\t<meta name=\"twitter:label2\" content=\"Est. tempo de leitura\" \/>\n\t<meta name=\"twitter:data2\" content=\"6 minutos\" \/>\n<script type=\"application\/ld+json\" class=\"yoast-schema-graph\">{\"@context\":\"https:\/\/schema.org\",\"@graph\":[{\"@type\":\"WebPage\",\"@id\":\"https:\/\/noticiatotal.net\/index.php\/2023\/06\/06\/experiencia-pro-apple-revela-oculos-que-fundem-a-realidade-digital-e-o-mundo-fisico\/\",\"url\":\"https:\/\/noticiatotal.net\/index.php\/2023\/06\/06\/experiencia-pro-apple-revela-oculos-que-fundem-a-realidade-digital-e-o-mundo-fisico\/\",\"name\":\"Experi\u00eancia PRO: Apple revela \u00f3culos que fundem a realidade digital e o mundo f\u00edsico - NOTICIA TOTAL\",\"isPartOf\":{\"@id\":\"https:\/\/noticiatotal.net\/#website\"},\"datePublished\":\"2023-06-06T21:56:19+00:00\",\"dateModified\":\"2023-06-23T01:05:49+00:00\",\"author\":{\"@id\":\"https:\/\/noticiatotal.net\/#\/schema\/person\/cad5b22920df7ae426c485cabbe44fdd\"},\"description\":\"Apple revela \u00f3culos que fundem a realidade digital e o mundo f\u00edsico. No evento recente, a Apple revelou seu mais novo produto, o Apple Vision\",\"breadcrumb\":{\"@id\":\"https:\/\/noticiatotal.net\/index.php\/2023\/06\/06\/experiencia-pro-apple-revela-oculos-que-fundem-a-realidade-digital-e-o-mundo-fisico\/#breadcrumb\"},\"inLanguage\":\"pt-BR\",\"potentialAction\":[{\"@type\":\"ReadAction\",\"target\":[\"https:\/\/noticiatotal.net\/index.php\/2023\/06\/06\/experiencia-pro-apple-revela-oculos-que-fundem-a-realidade-digital-e-o-mundo-fisico\/\"]}]},{\"@type\":\"BreadcrumbList\",\"@id\":\"https:\/\/noticiatotal.net\/index.php\/2023\/06\/06\/experiencia-pro-apple-revela-oculos-que-fundem-a-realidade-digital-e-o-mundo-fisico\/#breadcrumb\",\"itemListElement\":[{\"@type\":\"ListItem\",\"position\":1,\"name\":\"In\u00edcio\",\"item\":\"https:\/\/noticiatotal.net\/\"},{\"@type\":\"ListItem\",\"position\":2,\"name\":\"Experi\u00eancia PRO: Apple revela \u00f3culos que fundem a realidade digital e o mundo f\u00edsico\"}]},{\"@type\":\"WebSite\",\"@id\":\"https:\/\/noticiatotal.net\/#website\",\"url\":\"https:\/\/noticiatotal.net\/\",\"name\":\"NOTICIA TOTAL\",\"description\":\"noticiatotal.net\",\"potentialAction\":[{\"@type\":\"SearchAction\",\"target\":{\"@type\":\"EntryPoint\",\"urlTemplate\":\"https:\/\/noticiatotal.net\/?s={search_term_string}\"},\"query-input\":\"required name=search_term_string\"}],\"inLanguage\":\"pt-BR\"},{\"@type\":\"Person\",\"@id\":\"https:\/\/noticiatotal.net\/#\/schema\/person\/cad5b22920df7ae426c485cabbe44fdd\",\"name\":\"lucasfernandomoura\",\"image\":{\"@type\":\"ImageObject\",\"inLanguage\":\"pt-BR\",\"@id\":\"https:\/\/noticiatotal.net\/#\/schema\/person\/image\/\",\"url\":\"https:\/\/secure.gravatar.com\/avatar\/48496aac2517819aa249e82567f65879bbafd2aa97f45449f4c5a7d823e60786?s=96&d=mm&r=g\",\"contentUrl\":\"https:\/\/secure.gravatar.com\/avatar\/48496aac2517819aa249e82567f65879bbafd2aa97f45449f4c5a7d823e60786?s=96&d=mm&r=g\",\"caption\":\"lucasfernandomoura\"},\"sameAs\":[\"https:\/\/noticiatotal.net\"],\"url\":\"https:\/\/noticiatotal.net\/index.php\/author\/lucasfernandomoura\/\"}]}<\/script>\n<!-- \/ Yoast SEO plugin. -->","yoast_head_json":{"title":"Experi\u00eancia PRO: Apple revela \u00f3culos que fundem a realidade digital e o mundo f\u00edsico - NOTICIA TOTAL","description":"Apple revela \u00f3culos que fundem a realidade digital e o mundo f\u00edsico. No evento recente, a Apple revelou seu mais novo produto, o Apple Vision","robots":{"index":"index","follow":"follow","max-snippet":"max-snippet:-1","max-image-preview":"max-image-preview:large","max-video-preview":"max-video-preview:-1"},"canonical":"https:\/\/noticiatotal.net\/index.php\/2023\/06\/06\/experiencia-pro-apple-revela-oculos-que-fundem-a-realidade-digital-e-o-mundo-fisico\/","og_locale":"pt_BR","og_type":"article","og_title":"Experi\u00eancia PRO: Apple revela \u00f3culos que fundem a realidade digital e o mundo f\u00edsico - NOTICIA TOTAL","og_description":"Apple revela \u00f3culos que fundem a realidade digital e o mundo f\u00edsico. No evento recente, a Apple revelou seu mais novo produto, o Apple Vision","og_url":"https:\/\/noticiatotal.net\/index.php\/2023\/06\/06\/experiencia-pro-apple-revela-oculos-que-fundem-a-realidade-digital-e-o-mundo-fisico\/","og_site_name":"NOTICIA TOTAL","article_published_time":"2023-06-06T21:56:19+00:00","article_modified_time":"2023-06-23T01:05:49+00:00","og_image":[{"width":1200,"height":800,"url":"https:\/\/noticiatotal.net\/wp-content\/uploads\/2023\/06\/nota-fiscal.jpg","type":"image\/jpeg"}],"author":"lucasfernandomoura","twitter_card":"summary_large_image","twitter_misc":{"Escrito por":"lucasfernandomoura","Est. tempo de leitura":"6 minutos"},"schema":{"@context":"https:\/\/schema.org","@graph":[{"@type":"WebPage","@id":"https:\/\/noticiatotal.net\/index.php\/2023\/06\/06\/experiencia-pro-apple-revela-oculos-que-fundem-a-realidade-digital-e-o-mundo-fisico\/","url":"https:\/\/noticiatotal.net\/index.php\/2023\/06\/06\/experiencia-pro-apple-revela-oculos-que-fundem-a-realidade-digital-e-o-mundo-fisico\/","name":"Experi\u00eancia PRO: Apple revela \u00f3culos que fundem a realidade digital e o mundo f\u00edsico - NOTICIA TOTAL","isPartOf":{"@id":"https:\/\/noticiatotal.net\/#website"},"datePublished":"2023-06-06T21:56:19+00:00","dateModified":"2023-06-23T01:05:49+00:00","author":{"@id":"https:\/\/noticiatotal.net\/#\/schema\/person\/cad5b22920df7ae426c485cabbe44fdd"},"description":"Apple revela \u00f3culos que fundem a realidade digital e o mundo f\u00edsico. No evento recente, a Apple revelou seu mais novo produto, o Apple Vision","breadcrumb":{"@id":"https:\/\/noticiatotal.net\/index.php\/2023\/06\/06\/experiencia-pro-apple-revela-oculos-que-fundem-a-realidade-digital-e-o-mundo-fisico\/#breadcrumb"},"inLanguage":"pt-BR","potentialAction":[{"@type":"ReadAction","target":["https:\/\/noticiatotal.net\/index.php\/2023\/06\/06\/experiencia-pro-apple-revela-oculos-que-fundem-a-realidade-digital-e-o-mundo-fisico\/"]}]},{"@type":"BreadcrumbList","@id":"https:\/\/noticiatotal.net\/index.php\/2023\/06\/06\/experiencia-pro-apple-revela-oculos-que-fundem-a-realidade-digital-e-o-mundo-fisico\/#breadcrumb","itemListElement":[{"@type":"ListItem","position":1,"name":"In\u00edcio","item":"https:\/\/noticiatotal.net\/"},{"@type":"ListItem","position":2,"name":"Experi\u00eancia PRO: Apple revela \u00f3culos que fundem a realidade digital e o mundo f\u00edsico"}]},{"@type":"WebSite","@id":"https:\/\/noticiatotal.net\/#website","url":"https:\/\/noticiatotal.net\/","name":"NOTICIA TOTAL","description":"noticiatotal.net","potentialAction":[{"@type":"SearchAction","target":{"@type":"EntryPoint","urlTemplate":"https:\/\/noticiatotal.net\/?s={search_term_string}"},"query-input":"required name=search_term_string"}],"inLanguage":"pt-BR"},{"@type":"Person","@id":"https:\/\/noticiatotal.net\/#\/schema\/person\/cad5b22920df7ae426c485cabbe44fdd","name":"lucasfernandomoura","image":{"@type":"ImageObject","inLanguage":"pt-BR","@id":"https:\/\/noticiatotal.net\/#\/schema\/person\/image\/","url":"https:\/\/secure.gravatar.com\/avatar\/48496aac2517819aa249e82567f65879bbafd2aa97f45449f4c5a7d823e60786?s=96&d=mm&r=g","contentUrl":"https:\/\/secure.gravatar.com\/avatar\/48496aac2517819aa249e82567f65879bbafd2aa97f45449f4c5a7d823e60786?s=96&d=mm&r=g","caption":"lucasfernandomoura"},"sameAs":["https:\/\/noticiatotal.net"],"url":"https:\/\/noticiatotal.net\/index.php\/author\/lucasfernandomoura\/"}]}},"amp_enabled":true,"_links":{"self":[{"href":"https:\/\/noticiatotal.net\/index.php\/wp-json\/wp\/v2\/posts\/226","targetHints":{"allow":["GET"]}}],"collection":[{"href":"https:\/\/noticiatotal.net\/index.php\/wp-json\/wp\/v2\/posts"}],"about":[{"href":"https:\/\/noticiatotal.net\/index.php\/wp-json\/wp\/v2\/types\/post"}],"author":[{"embeddable":true,"href":"https:\/\/noticiatotal.net\/index.php\/wp-json\/wp\/v2\/users\/1"}],"replies":[{"embeddable":true,"href":"https:\/\/noticiatotal.net\/index.php\/wp-json\/wp\/v2\/comments?post=226"}],"version-history":[{"count":2,"href":"https:\/\/noticiatotal.net\/index.php\/wp-json\/wp\/v2\/posts\/226\/revisions"}],"predecessor-version":[{"id":234,"href":"https:\/\/noticiatotal.net\/index.php\/wp-json\/wp\/v2\/posts\/226\/revisions\/234"}],"wp:featuredmedia":[{"embeddable":true,"href":"https:\/\/noticiatotal.net\/index.php\/wp-json\/wp\/v2\/media\/227"}],"wp:attachment":[{"href":"https:\/\/noticiatotal.net\/index.php\/wp-json\/wp\/v2\/media?parent=226"}],"wp:term":[{"taxonomy":"category","embeddable":true,"href":"https:\/\/noticiatotal.net\/index.php\/wp-json\/wp\/v2\/categories?post=226"},{"taxonomy":"post_tag","embeddable":true,"href":"https:\/\/noticiatotal.net\/index.php\/wp-json\/wp\/v2\/tags?post=226"}],"curies":[{"name":"wp","href":"https:\/\/api.w.org\/{rel}","templated":true}]}}