{"id":254,"date":"2023-06-09T14:17:03","date_gmt":"2023-06-09T17:17:03","guid":{"rendered":"https:\/\/noticiatotal.net\/?p=254"},"modified":"2023-06-22T22:06:19","modified_gmt":"2023-06-23T01:06:19","slug":"iconico-palhaco-dos-anos-80-o-bozo-se-reencontra-com-a-crianca-fotografada-em-momento-de-choro","status":"publish","type":"post","link":"https:\/\/noticiatotal.net\/index.php\/2023\/06\/09\/iconico-palhaco-dos-anos-80-o-bozo-se-reencontra-com-a-crianca-fotografada-em-momento-de-choro\/","title":{"rendered":"IC\u00d4NICO PALHA\u00c7O DOS ANOS 80, O BOZO SE REENCONTRA COM A CRIAN\u00c7A FOTOGRAFADA EM MOMENTO DE CHORO"},"content":{"rendered":"<h2><span style=\"font-family: arial, helvetica, sans-serif;\">Lembra-se do famoso palha\u00e7o Bozo? Anos mais tarde, ele teve um emocionante reencontro com a crian\u00e7a da memor\u00e1vel fotografia em l\u00e1grimas. Confira o registro!<\/span><\/h2>\n<p>&nbsp;<\/p>\n<figure id=\"attachment_255\" aria-describedby=\"caption-attachment-255\" style=\"width: 1024px\" class=\"wp-caption alignnone\"><img loading=\"lazy\" decoding=\"async\" class=\"size-large wp-image-255\" src=\"https:\/\/noticiatotal.net\/wp-content\/uploads\/2023\/06\/bozo-1024x683.jpg\" alt=\"\" width=\"1024\" height=\"683\" srcset=\"https:\/\/noticiatotal.net\/wp-content\/uploads\/2023\/06\/bozo-1024x683.jpg 1024w, https:\/\/noticiatotal.net\/wp-content\/uploads\/2023\/06\/bozo-300x200.jpg 300w, https:\/\/noticiatotal.net\/wp-content\/uploads\/2023\/06\/bozo-768x512.jpg 768w, https:\/\/noticiatotal.net\/wp-content\/uploads\/2023\/06\/bozo.jpg 1200w\" sizes=\"auto, (max-width: 1024px) 100vw, 1024px\" \/><figcaption id=\"caption-attachment-255\" class=\"wp-caption-text\"><span style=\"font-family: arial, helvetica, sans-serif;\">FOTO UOL<\/span><\/figcaption><\/figure>\n<p><span style=\"font-family: arial, helvetica, sans-serif; font-size: 14pt;\">Luis Ricardo, o renomado apresentador que deu vida ao personagem Bozo durante a d\u00e9cada de 80, vivenciou um reencontro emocionante com uma crian\u00e7a que protagonizou uma foto ic\u00f4nica na \u00e9poca, onde aparecia chorando nos bra\u00e7os do palha\u00e7o.<\/span><\/p>\n<p><span style=\"font-family: arial, helvetica, sans-serif; font-size: 14pt;\">Nos \u00faltimos tempos, essa imagem se tornou viral e ressurgiu recentemente, no domingo passado, dia 4, quando Ricardo foi abordado pelo agora adulto em uma farm\u00e1cia.<\/span><\/p>\n<p><span style=\"font-family: arial, helvetica, sans-serif; font-size: 14pt;\">&#8220;Foi uma coincid\u00eancia incr\u00edvel. Esse encontro foi extremamente especial&#8230; Antes, l\u00e1grimas; agora, apenas sorrisos. \u00c9 mais uma hist\u00f3ria para compartilhar!&#8221;, escreveu ele na legenda da fotografia.<\/span><\/p>\n<p><span style=\"font-family: arial, helvetica, sans-serif; font-size: 14pt;\">Aos 60 anos de idade, Luis Ricardo ainda possui uma base de f\u00e3s consider\u00e1vel dos anos em que interpretou o ic\u00f4nico Bozo, de 1982 a 1990. Ap\u00f3s essa experi\u00eancia, o apresentador se envolveu em diversas outras atividades no SBT.<\/span><\/p>\n<p>&nbsp;<\/p>\n<figure id=\"attachment_256\" aria-describedby=\"caption-attachment-256\" style=\"width: 1024px\" class=\"wp-caption alignnone\"><img loading=\"lazy\" decoding=\"async\" class=\"size-large wp-image-256\" src=\"https:\/\/noticiatotal.net\/wp-content\/uploads\/2023\/06\/bozo_2-1024x683.jpg\" alt=\"\" width=\"1024\" height=\"683\" srcset=\"https:\/\/noticiatotal.net\/wp-content\/uploads\/2023\/06\/bozo_2-1024x683.jpg 1024w, https:\/\/noticiatotal.net\/wp-content\/uploads\/2023\/06\/bozo_2-300x200.jpg 300w, https:\/\/noticiatotal.net\/wp-content\/uploads\/2023\/06\/bozo_2-768x512.jpg 768w, https:\/\/noticiatotal.net\/wp-content\/uploads\/2023\/06\/bozo_2.jpg 1200w\" sizes=\"auto, (max-width: 1024px) 100vw, 1024px\" \/><figcaption id=\"caption-attachment-256\" class=\"wp-caption-text\"><span style=\"font-family: arial, helvetica, sans-serif;\">FOTO UOL<\/span><\/figcaption><\/figure>\n<h2><span style=\"font-family: arial, helvetica, sans-serif;\">Repercuss\u00e3o nas redes sociais<\/span><\/h2>\n<p>&nbsp;<\/p>\n<p><span style=\"font-family: arial, helvetica, sans-serif; font-size: 14pt;\">Nos coment\u00e1rios, \u00e9 poss\u00edvel observar a emo\u00e7\u00e3o dos f\u00e3s diante desse reencontro especial.<\/span><\/p>\n<p><span style=\"font-family: arial, helvetica, sans-serif; font-size: 14pt;\">Muitos compartilham suas experi\u00eancias vividas naquela \u00e9poca, enquanto outros expressam o qu\u00e3o incr\u00edvel foi recriar a fotografia ap\u00f3s tantos anos. V\u00e1rios seguidores deram curtidas e compartilharam esse momento nas redes.<\/span><\/p>\n<p><span style=\"font-family: arial, helvetica, sans-serif; font-size: 14pt;\">Isso evidencia o sucesso e a popularidade do palha\u00e7o nas plataformas online, al\u00e9m de sua capacidade de deixar uma marca em diversas gera\u00e7\u00f5es.<\/span><\/p>\n<p><span style=\"font-family: arial, helvetica, sans-serif; font-size: 14pt;\">A imagem ic\u00f4nica despertou uma onda de nostalgia entre aqueles que se recordam dos tempos em que o programa era transmitido.<\/span><\/p>\n<p><span style=\"font-family: arial, helvetica, sans-serif; font-size: 14pt;\">F\u00e3s mais antigos expressaram encanto e gratid\u00e3o ao ver a foto ressurgir, relembrando os momentos divertidos e marcantes que compartilharam com o personagem naquela \u00e9poca.<\/span><\/p>\n<p><span style=\"font-family: arial, helvetica, sans-serif; font-size: 14pt;\">Portanto, os coment\u00e1rios repletos de nostalgia demonstram como o encontro entre Luis Ricardo e o indiv\u00edduo adulto na fotografia despertou mem\u00f3rias afetivas e emocionantes.<\/span><\/p>\n<p><span style=\"font-family: arial, helvetica, sans-serif; font-size: 14pt;\">Assim, a rea\u00e7\u00e3o calorosa dos f\u00e3s mais antigos confirma a influ\u00eancia duradoura e o carinho que o Bozo e o trabalho de Luis Ricardo conquistaram.<\/span><\/p>\n<p>&nbsp;<\/p>\n<h2><span style=\"font-family: arial, helvetica, sans-serif;\">Sobre o personagem Bozo<\/span><\/h2>\n<p>&nbsp;<\/p>\n<p><span style=\"font-family: arial, helvetica, sans-serif; font-size: 14pt;\">Bozo \u00e9 um personagem ic\u00f4nico da televis\u00e3o brasileira, interpretado por diversos artistas ao longo dos anos.<\/span><\/p>\n<p><span style=\"font-family: arial, helvetica, sans-serif; font-size: 14pt;\">O palha\u00e7o Bozo teve origem nos Estados Unidos e conquistou imensa popularidade no Brasil durante os anos 80. No pa\u00eds, a interpreta\u00e7\u00e3o ficou a cargo de Lu\u00eds Ricardo, que se tornou uma figura emblem\u00e1tica ao dar vida a esse personagem.<\/span><\/p>\n<p><span style=\"font-family: arial, helvetica, sans-serif; font-size: 14pt;\">Lu\u00eds Ricardo desempenhou o papel de Bozo de 1982 a 1990, per\u00edodo em que o programa do palha\u00e7o era transmitido pelo SBT.<\/span><\/p>\n<p><span style=\"font-family: arial, helvetica, sans-serif; font-size: 14pt;\">O programa tinha como foco principal o p\u00fablico infantil e angariou uma legi\u00e3o de f\u00e3s, tornando-se um grande sucesso naquela \u00e9poca.<\/span><\/p>\n<p>&nbsp;<\/p>\n<h2><span style=\"font-family: arial, helvetica, sans-serif;\">CONHECIDO<\/span><\/h2>\n<p>&nbsp;<\/p>\n<p><span style=\"font-family: arial, helvetica, sans-serif; font-size: 14pt;\">Bozo ficou conhecido por suas brincadeiras, jogos e intera\u00e7\u00f5es com as crian\u00e7as, contando tamb\u00e9m com personagens secund\u00e1rios como Vov\u00f3 Mafalda e Papai Papudo.<\/span><\/p>\n<p><span style=\"font-family: arial, helvetica, sans-serif; font-size: 14pt;\">Sua caracteriza\u00e7\u00e3o inclu\u00eda roupas coloridas, maquiagem extravagante, nariz vermelho e cabelo arrepiado.<\/span><\/p>\n<p><span style=\"font-family: arial, helvetica, sans-serif; font-size: 14pt;\">O palha\u00e7o se tornou uma figura adorada e encantadora para as crian\u00e7as daquela \u00e9poca, com seu humor, divers\u00e3o e carisma.<\/span><\/p>\n<h2><span style=\"font-family: arial, helvetica, sans-serif; font-size: 14pt;\"><\/p>\n<p><span style=\"font-size: 18pt;\">SAIDA DO SBT<\/span><\/p>\n<p><\/span><\/h2>\n<p><span style=\"font-family: arial, helvetica, sans-serif; font-size: 14pt;\">Ap\u00f3s sua sa\u00edda do programa Bozo, Luis Ricardo continuou trabalhando na televis\u00e3o, participando de outros quadros e programas no SBT.<\/span><\/p>\n<p><span style=\"font-family: arial, helvetica, sans-serif; font-size: 14pt;\">Ele deixou uma marca inesquec\u00edvel na hist\u00f3ria da televis\u00e3o brasileira ao interpretar o emblem\u00e1tico palha\u00e7o e ainda recebe admira\u00e7\u00e3o de muitos f\u00e3s nost\u00e1lgicos at\u00e9 os dias de hoje.<\/span><\/p>\n<p><span style=\"font-family: arial, helvetica, sans-serif; font-size: 14pt;\">Al\u00e9m disso, o personagem Bozo influenciou e inspirou gera\u00e7\u00f5es de artistas e palha\u00e7os que vieram depois dele, deixando um legado duradouro no entretenimento infantil brasileiro.<\/span><\/p>\n<p>&nbsp;<\/p>\n<h2><span style=\"font-family: arial, helvetica, sans-serif;\">BOZO NO EXTERIOR<\/span><\/h2>\n<p>&nbsp;<\/p>\n<p><span style=\"font-family: arial, helvetica, sans-serif; font-size: 14pt;\">No exterior, o Bozo teve sua origem antes mesmo da TV. Em 1946, a gravadora americana Capitol lan\u00e7ou o compacto intitulado &#8220;Bozo at the Circus&#8221;, apresentando uma hist\u00f3ria infantil narrada pelo pr\u00f3prio Bozo. Na verdade, a voz por tr\u00e1s desse personagem era a do ator Pinto Colvig, conhecido por dublar o Pateta no cinema.<\/span><\/p>\n<p><span style=\"font-family: arial, helvetica, sans-serif; font-size: 14pt;\">O disco alcan\u00e7ou recordes de vendas, resultando em v\u00e1rias sequ\u00eancias lan\u00e7adas pela Capitol e proporcionando um grande emprego para Colvig, que al\u00e9m de dublador, j\u00e1 havia sido palha\u00e7o de circo e viajava de um lado a outro do pa\u00eds vestido como Bozo para promover os discos.<\/span><\/p>\n<p><span style=\"font-family: arial, helvetica, sans-serif; font-size: 14pt;\">Em 1949, Bozo fez sua estreia na televis\u00e3o, em um meio de comunica\u00e7\u00e3o que ainda estava engatinhando na \u00e9poca.<\/span><\/p>\n<p><span style=\"font-family: arial, helvetica, sans-serif; font-size: 14pt;\">Sim, o programa do Bozo n\u00e3o apenas foi um dos primeiros da vida de muitas pessoas dessa gera\u00e7\u00e3o, mas tamb\u00e9m um dos primeiros da hist\u00f3ria.<\/span><\/p>\n<p>&nbsp;<\/p>\n<p>&nbsp;<\/p>\n","protected":false},"excerpt":{"rendered":"<p>Lembra-se do famoso palha\u00e7o Bozo? Anos mais tarde, ele teve um emocionante reencontro com a crian\u00e7a da memor\u00e1vel fotografia em l\u00e1grimas. Confira o registro! &nbsp; Luis Ricardo, o renomado apresentador que deu vida ao personagem Bozo durante a d\u00e9cada de 80, vivenciou um reencontro emocionante com uma crian\u00e7a que protagonizou uma foto ic\u00f4nica na \u00e9poca, &hellip;<\/p>\n<p class=\"read-more\"> <a class=\"\" href=\"https:\/\/noticiatotal.net\/index.php\/2023\/06\/09\/iconico-palhaco-dos-anos-80-o-bozo-se-reencontra-com-a-crianca-fotografada-em-momento-de-choro\/\"> <span class=\"screen-reader-text\">IC\u00d4NICO PALHA\u00c7O DOS ANOS 80, O BOZO SE REENCONTRA COM A CRIAN\u00c7A FOTOGRAFADA EM MOMENTO DE CHORO<\/span> Leia mais &raquo;<\/a><\/p>\n","protected":false},"author":1,"featured_media":255,"comment_status":"closed","ping_status":"open","sticky":false,"template":"","format":"standard","meta":{"site-sidebar-layout":"default","site-content-layout":"default","ast-global-header-display":"","ast-banner-title-visibility":"","ast-main-header-display":"","ast-hfb-above-header-display":"","ast-hfb-below-header-display":"","ast-hfb-mobile-header-display":"","site-post-title":"","ast-breadcrumbs-content":"","ast-featured-img":"","footer-sml-layout":"","theme-transparent-header-meta":"default","adv-header-id-meta":"","stick-header-meta":"","header-above-stick-meta":"","header-main-stick-meta":"","header-below-stick-meta":"","footnotes":""},"categories":[7],"tags":[47,48],"class_list":["post-254","post","type-post","status-publish","format-standard","has-post-thumbnail","hentry","category-brasil","tag-bozo","tag-palhaco"],"yoast_head":"<!-- This site is optimized with the Yoast SEO plugin v21.5 - https:\/\/yoast.com\/wordpress\/plugins\/seo\/ -->\n<title>IC\u00d4NICO PALHA\u00c7O DOS ANOS 80, O BOZO SE REENCONTRA COM A CRIAN\u00c7A FOTOGRAFADA EM MOMENTO DE CHORO - NOTICIA TOTAL<\/title>\n<meta name=\"description\" content=\"BOZO SE REENCONTRA COM A CRIAN\u00c7A FOTOGRAFADA EM MOMENTO DE CHORO. Lembra-se do famoso palha\u00e7o Bozo? Anos mais tarde, ele teve um emocionante\" \/>\n<meta name=\"robots\" content=\"index, follow, max-snippet:-1, max-image-preview:large, max-video-preview:-1\" \/>\n<link rel=\"canonical\" href=\"https:\/\/noticiatotal.net\/index.php\/2023\/06\/09\/iconico-palhaco-dos-anos-80-o-bozo-se-reencontra-com-a-crianca-fotografada-em-momento-de-choro\/\" \/>\n<meta property=\"og:locale\" content=\"pt_BR\" \/>\n<meta property=\"og:type\" content=\"article\" \/>\n<meta property=\"og:title\" content=\"IC\u00d4NICO PALHA\u00c7O DOS ANOS 80, O BOZO SE REENCONTRA COM A CRIAN\u00c7A FOTOGRAFADA EM MOMENTO DE CHORO - NOTICIA TOTAL\" \/>\n<meta property=\"og:description\" content=\"BOZO SE REENCONTRA COM A CRIAN\u00c7A FOTOGRAFADA EM MOMENTO DE CHORO. Lembra-se do famoso palha\u00e7o Bozo? Anos mais tarde, ele teve um emocionante\" \/>\n<meta property=\"og:url\" content=\"https:\/\/noticiatotal.net\/index.php\/2023\/06\/09\/iconico-palhaco-dos-anos-80-o-bozo-se-reencontra-com-a-crianca-fotografada-em-momento-de-choro\/\" \/>\n<meta property=\"og:site_name\" content=\"NOTICIA TOTAL\" \/>\n<meta property=\"article:published_time\" content=\"2023-06-09T17:17:03+00:00\" \/>\n<meta property=\"article:modified_time\" content=\"2023-06-23T01:06:19+00:00\" \/>\n<meta property=\"og:image\" content=\"https:\/\/noticiatotal.net\/wp-content\/uploads\/2023\/06\/bozo.jpg\" \/>\n\t<meta property=\"og:image:width\" content=\"1200\" \/>\n\t<meta property=\"og:image:height\" content=\"800\" \/>\n\t<meta property=\"og:image:type\" content=\"image\/jpeg\" \/>\n<meta name=\"author\" content=\"lucasfernandomoura\" \/>\n<meta name=\"twitter:card\" content=\"summary_large_image\" \/>\n<meta name=\"twitter:label1\" content=\"Escrito por\" \/>\n\t<meta name=\"twitter:data1\" content=\"lucasfernandomoura\" \/>\n\t<meta name=\"twitter:label2\" content=\"Est. tempo de leitura\" \/>\n\t<meta name=\"twitter:data2\" content=\"5 minutos\" \/>\n<script type=\"application\/ld+json\" class=\"yoast-schema-graph\">{\"@context\":\"https:\/\/schema.org\",\"@graph\":[{\"@type\":\"WebPage\",\"@id\":\"https:\/\/noticiatotal.net\/index.php\/2023\/06\/09\/iconico-palhaco-dos-anos-80-o-bozo-se-reencontra-com-a-crianca-fotografada-em-momento-de-choro\/\",\"url\":\"https:\/\/noticiatotal.net\/index.php\/2023\/06\/09\/iconico-palhaco-dos-anos-80-o-bozo-se-reencontra-com-a-crianca-fotografada-em-momento-de-choro\/\",\"name\":\"IC\u00d4NICO PALHA\u00c7O DOS ANOS 80, O BOZO SE REENCONTRA COM A CRIAN\u00c7A FOTOGRAFADA EM MOMENTO DE CHORO - NOTICIA TOTAL\",\"isPartOf\":{\"@id\":\"https:\/\/noticiatotal.net\/#website\"},\"datePublished\":\"2023-06-09T17:17:03+00:00\",\"dateModified\":\"2023-06-23T01:06:19+00:00\",\"author\":{\"@id\":\"https:\/\/noticiatotal.net\/#\/schema\/person\/cad5b22920df7ae426c485cabbe44fdd\"},\"description\":\"BOZO SE REENCONTRA COM A CRIAN\u00c7A FOTOGRAFADA EM MOMENTO DE CHORO. Lembra-se do famoso palha\u00e7o Bozo? Anos mais tarde, ele teve um emocionante\",\"breadcrumb\":{\"@id\":\"https:\/\/noticiatotal.net\/index.php\/2023\/06\/09\/iconico-palhaco-dos-anos-80-o-bozo-se-reencontra-com-a-crianca-fotografada-em-momento-de-choro\/#breadcrumb\"},\"inLanguage\":\"pt-BR\",\"potentialAction\":[{\"@type\":\"ReadAction\",\"target\":[\"https:\/\/noticiatotal.net\/index.php\/2023\/06\/09\/iconico-palhaco-dos-anos-80-o-bozo-se-reencontra-com-a-crianca-fotografada-em-momento-de-choro\/\"]}]},{\"@type\":\"BreadcrumbList\",\"@id\":\"https:\/\/noticiatotal.net\/index.php\/2023\/06\/09\/iconico-palhaco-dos-anos-80-o-bozo-se-reencontra-com-a-crianca-fotografada-em-momento-de-choro\/#breadcrumb\",\"itemListElement\":[{\"@type\":\"ListItem\",\"position\":1,\"name\":\"In\u00edcio\",\"item\":\"https:\/\/noticiatotal.net\/\"},{\"@type\":\"ListItem\",\"position\":2,\"name\":\"IC\u00d4NICO PALHA\u00c7O DOS ANOS 80, O BOZO SE REENCONTRA COM A CRIAN\u00c7A FOTOGRAFADA EM MOMENTO DE CHORO\"}]},{\"@type\":\"WebSite\",\"@id\":\"https:\/\/noticiatotal.net\/#website\",\"url\":\"https:\/\/noticiatotal.net\/\",\"name\":\"NOTICIA TOTAL\",\"description\":\"noticiatotal.net\",\"potentialAction\":[{\"@type\":\"SearchAction\",\"target\":{\"@type\":\"EntryPoint\",\"urlTemplate\":\"https:\/\/noticiatotal.net\/?s={search_term_string}\"},\"query-input\":\"required name=search_term_string\"}],\"inLanguage\":\"pt-BR\"},{\"@type\":\"Person\",\"@id\":\"https:\/\/noticiatotal.net\/#\/schema\/person\/cad5b22920df7ae426c485cabbe44fdd\",\"name\":\"lucasfernandomoura\",\"image\":{\"@type\":\"ImageObject\",\"inLanguage\":\"pt-BR\",\"@id\":\"https:\/\/noticiatotal.net\/#\/schema\/person\/image\/\",\"url\":\"https:\/\/secure.gravatar.com\/avatar\/48496aac2517819aa249e82567f65879bbafd2aa97f45449f4c5a7d823e60786?s=96&d=mm&r=g\",\"contentUrl\":\"https:\/\/secure.gravatar.com\/avatar\/48496aac2517819aa249e82567f65879bbafd2aa97f45449f4c5a7d823e60786?s=96&d=mm&r=g\",\"caption\":\"lucasfernandomoura\"},\"sameAs\":[\"https:\/\/noticiatotal.net\"],\"url\":\"https:\/\/noticiatotal.net\/index.php\/author\/lucasfernandomoura\/\"}]}<\/script>\n<!-- \/ Yoast SEO plugin. -->","yoast_head_json":{"title":"IC\u00d4NICO PALHA\u00c7O DOS ANOS 80, O BOZO SE REENCONTRA COM A CRIAN\u00c7A FOTOGRAFADA EM MOMENTO DE CHORO - NOTICIA TOTAL","description":"BOZO SE REENCONTRA COM A CRIAN\u00c7A FOTOGRAFADA EM MOMENTO DE CHORO. Lembra-se do famoso palha\u00e7o Bozo? Anos mais tarde, ele teve um emocionante","robots":{"index":"index","follow":"follow","max-snippet":"max-snippet:-1","max-image-preview":"max-image-preview:large","max-video-preview":"max-video-preview:-1"},"canonical":"https:\/\/noticiatotal.net\/index.php\/2023\/06\/09\/iconico-palhaco-dos-anos-80-o-bozo-se-reencontra-com-a-crianca-fotografada-em-momento-de-choro\/","og_locale":"pt_BR","og_type":"article","og_title":"IC\u00d4NICO PALHA\u00c7O DOS ANOS 80, O BOZO SE REENCONTRA COM A CRIAN\u00c7A FOTOGRAFADA EM MOMENTO DE CHORO - NOTICIA TOTAL","og_description":"BOZO SE REENCONTRA COM A CRIAN\u00c7A FOTOGRAFADA EM MOMENTO DE CHORO. Lembra-se do famoso palha\u00e7o Bozo? Anos mais tarde, ele teve um emocionante","og_url":"https:\/\/noticiatotal.net\/index.php\/2023\/06\/09\/iconico-palhaco-dos-anos-80-o-bozo-se-reencontra-com-a-crianca-fotografada-em-momento-de-choro\/","og_site_name":"NOTICIA TOTAL","article_published_time":"2023-06-09T17:17:03+00:00","article_modified_time":"2023-06-23T01:06:19+00:00","og_image":[{"width":1200,"height":800,"url":"https:\/\/noticiatotal.net\/wp-content\/uploads\/2023\/06\/bozo.jpg","type":"image\/jpeg"}],"author":"lucasfernandomoura","twitter_card":"summary_large_image","twitter_misc":{"Escrito por":"lucasfernandomoura","Est. tempo de leitura":"5 minutos"},"schema":{"@context":"https:\/\/schema.org","@graph":[{"@type":"WebPage","@id":"https:\/\/noticiatotal.net\/index.php\/2023\/06\/09\/iconico-palhaco-dos-anos-80-o-bozo-se-reencontra-com-a-crianca-fotografada-em-momento-de-choro\/","url":"https:\/\/noticiatotal.net\/index.php\/2023\/06\/09\/iconico-palhaco-dos-anos-80-o-bozo-se-reencontra-com-a-crianca-fotografada-em-momento-de-choro\/","name":"IC\u00d4NICO PALHA\u00c7O DOS ANOS 80, O BOZO SE REENCONTRA COM A CRIAN\u00c7A FOTOGRAFADA EM MOMENTO DE CHORO - NOTICIA TOTAL","isPartOf":{"@id":"https:\/\/noticiatotal.net\/#website"},"datePublished":"2023-06-09T17:17:03+00:00","dateModified":"2023-06-23T01:06:19+00:00","author":{"@id":"https:\/\/noticiatotal.net\/#\/schema\/person\/cad5b22920df7ae426c485cabbe44fdd"},"description":"BOZO SE REENCONTRA COM A CRIAN\u00c7A FOTOGRAFADA EM MOMENTO DE CHORO. Lembra-se do famoso palha\u00e7o Bozo? Anos mais tarde, ele teve um emocionante","breadcrumb":{"@id":"https:\/\/noticiatotal.net\/index.php\/2023\/06\/09\/iconico-palhaco-dos-anos-80-o-bozo-se-reencontra-com-a-crianca-fotografada-em-momento-de-choro\/#breadcrumb"},"inLanguage":"pt-BR","potentialAction":[{"@type":"ReadAction","target":["https:\/\/noticiatotal.net\/index.php\/2023\/06\/09\/iconico-palhaco-dos-anos-80-o-bozo-se-reencontra-com-a-crianca-fotografada-em-momento-de-choro\/"]}]},{"@type":"BreadcrumbList","@id":"https:\/\/noticiatotal.net\/index.php\/2023\/06\/09\/iconico-palhaco-dos-anos-80-o-bozo-se-reencontra-com-a-crianca-fotografada-em-momento-de-choro\/#breadcrumb","itemListElement":[{"@type":"ListItem","position":1,"name":"In\u00edcio","item":"https:\/\/noticiatotal.net\/"},{"@type":"ListItem","position":2,"name":"IC\u00d4NICO PALHA\u00c7O DOS ANOS 80, O BOZO SE REENCONTRA COM A CRIAN\u00c7A FOTOGRAFADA EM MOMENTO DE CHORO"}]},{"@type":"WebSite","@id":"https:\/\/noticiatotal.net\/#website","url":"https:\/\/noticiatotal.net\/","name":"NOTICIA TOTAL","description":"noticiatotal.net","potentialAction":[{"@type":"SearchAction","target":{"@type":"EntryPoint","urlTemplate":"https:\/\/noticiatotal.net\/?s={search_term_string}"},"query-input":"required name=search_term_string"}],"inLanguage":"pt-BR"},{"@type":"Person","@id":"https:\/\/noticiatotal.net\/#\/schema\/person\/cad5b22920df7ae426c485cabbe44fdd","name":"lucasfernandomoura","image":{"@type":"ImageObject","inLanguage":"pt-BR","@id":"https:\/\/noticiatotal.net\/#\/schema\/person\/image\/","url":"https:\/\/secure.gravatar.com\/avatar\/48496aac2517819aa249e82567f65879bbafd2aa97f45449f4c5a7d823e60786?s=96&d=mm&r=g","contentUrl":"https:\/\/secure.gravatar.com\/avatar\/48496aac2517819aa249e82567f65879bbafd2aa97f45449f4c5a7d823e60786?s=96&d=mm&r=g","caption":"lucasfernandomoura"},"sameAs":["https:\/\/noticiatotal.net"],"url":"https:\/\/noticiatotal.net\/index.php\/author\/lucasfernandomoura\/"}]}},"amp_enabled":true,"_links":{"self":[{"href":"https:\/\/noticiatotal.net\/index.php\/wp-json\/wp\/v2\/posts\/254","targetHints":{"allow":["GET"]}}],"collection":[{"href":"https:\/\/noticiatotal.net\/index.php\/wp-json\/wp\/v2\/posts"}],"about":[{"href":"https:\/\/noticiatotal.net\/index.php\/wp-json\/wp\/v2\/types\/post"}],"author":[{"embeddable":true,"href":"https:\/\/noticiatotal.net\/index.php\/wp-json\/wp\/v2\/users\/1"}],"replies":[{"embeddable":true,"href":"https:\/\/noticiatotal.net\/index.php\/wp-json\/wp\/v2\/comments?post=254"}],"version-history":[{"count":1,"href":"https:\/\/noticiatotal.net\/index.php\/wp-json\/wp\/v2\/posts\/254\/revisions"}],"predecessor-version":[{"id":257,"href":"https:\/\/noticiatotal.net\/index.php\/wp-json\/wp\/v2\/posts\/254\/revisions\/257"}],"wp:featuredmedia":[{"embeddable":true,"href":"https:\/\/noticiatotal.net\/index.php\/wp-json\/wp\/v2\/media\/255"}],"wp:attachment":[{"href":"https:\/\/noticiatotal.net\/index.php\/wp-json\/wp\/v2\/media?parent=254"}],"wp:term":[{"taxonomy":"category","embeddable":true,"href":"https:\/\/noticiatotal.net\/index.php\/wp-json\/wp\/v2\/categories?post=254"},{"taxonomy":"post_tag","embeddable":true,"href":"https:\/\/noticiatotal.net\/index.php\/wp-json\/wp\/v2\/tags?post=254"}],"curies":[{"name":"wp","href":"https:\/\/api.w.org\/{rel}","templated":true}]}}