{"id":258,"date":"2023-06-09T14:32:17","date_gmt":"2023-06-09T17:32:17","guid":{"rendered":"https:\/\/noticiatotal.net\/?p=258"},"modified":"2023-06-22T22:07:07","modified_gmt":"2023-06-23T01:07:07","slug":"qual-e-o-valor-estimado-da-heranca-deixada-por-tina-turner-e-como-podera-ser-distribuida-entre-os-herdeiros","status":"publish","type":"post","link":"https:\/\/noticiatotal.net\/index.php\/2023\/06\/09\/qual-e-o-valor-estimado-da-heranca-deixada-por-tina-turner-e-como-podera-ser-distribuida-entre-os-herdeiros\/","title":{"rendered":"Qual \u00e9 o valor estimado da heran\u00e7a deixada por Tina Turner e como poder\u00e1 ser distribu\u00edda entre os herdeiros?"},"content":{"rendered":"<h2><span style=\"font-family: arial, helvetica, sans-serif;\">Aos 83 anos, ocorreu o falecimento de Tina Turner. Descubra o valor da heran\u00e7a deixada pela lend\u00e1ria cantora e como essa riqueza ser\u00e1 distribu\u00edda entre os benefici\u00e1rios.<\/span><\/h2>\n<p>&nbsp;<\/p>\n<figure id=\"attachment_259\" aria-describedby=\"caption-attachment-259\" style=\"width: 1024px\" class=\"wp-caption alignnone\"><img loading=\"lazy\" decoding=\"async\" class=\"size-large wp-image-259\" src=\"https:\/\/noticiatotal.net\/wp-content\/uploads\/2023\/06\/tina-1024x683.jpg\" alt=\"\" width=\"1024\" height=\"683\" srcset=\"https:\/\/noticiatotal.net\/wp-content\/uploads\/2023\/06\/tina-1024x683.jpg 1024w, https:\/\/noticiatotal.net\/wp-content\/uploads\/2023\/06\/tina-300x200.jpg 300w, https:\/\/noticiatotal.net\/wp-content\/uploads\/2023\/06\/tina-768x512.jpg 768w, https:\/\/noticiatotal.net\/wp-content\/uploads\/2023\/06\/tina.jpg 1200w\" sizes=\"auto, (max-width: 1024px) 100vw, 1024px\" \/><figcaption id=\"caption-attachment-259\" class=\"wp-caption-text\"><span style=\"font-family: arial, helvetica, sans-serif;\">FOTO THESUN<\/span><\/figcaption><\/figure>\n<p><span style=\"font-family: arial, helvetica, sans-serif; font-size: 14pt;\">O mundo dos artistas movimenta uma quantia significativa de dinheiro, o que n\u00e3o \u00e9 segredo para ningu\u00e9m. Nesse contexto, os atores e celebridades t\u00eam diversas formas de gerar renda, seja por meio de suas participa\u00e7\u00f5es em produ\u00e7\u00f5es, shows, trabalhos publicit\u00e1rios ou at\u00e9 mesmo por meio de empreendimentos pr\u00f3prios.<\/span><\/p>\n<p><span style=\"font-family: arial, helvetica, sans-serif; font-size: 14pt;\">Diante disso, n\u00e3o \u00e9 surpreendente que algumas celebridades acumulem verdadeiras fortunas ao longo da vida. Quando essas personalidades falecem, al\u00e9m da tristeza, tamb\u00e9m surge a curiosidade sobre o destino de sua heran\u00e7a.<\/span><\/p>\n<p><span style=\"font-family: arial, helvetica, sans-serif; font-size: 14pt;\">Recentemente, lamentamos a perda de uma das grandes vozes da m\u00fasica, a cantora Tina Turner. Ela faleceu em 24 de maio, aos 83 anos. Al\u00e9m do legado deixado por ela, a cantora tamb\u00e9m deixou uma heran\u00e7a para seus herdeiros. Durante o programa TPMP, da emissora francesa Canal+, Afida Turner, nora da cantora, abordou o assunto.<\/span><\/p>\n<p>&nbsp;<\/p>\n<h2><span style=\"font-family: arial, helvetica, sans-serif;\">FORTUNA<\/span><\/h2>\n<p>&nbsp;<\/p>\n<figure id=\"attachment_260\" aria-describedby=\"caption-attachment-260\" style=\"width: 1024px\" class=\"wp-caption alignnone\"><img loading=\"lazy\" decoding=\"async\" class=\"size-large wp-image-260\" src=\"https:\/\/noticiatotal.net\/wp-content\/uploads\/2023\/06\/tina_2-1024x683.jpg\" alt=\"\" width=\"1024\" height=\"683\" srcset=\"https:\/\/noticiatotal.net\/wp-content\/uploads\/2023\/06\/tina_2-1024x683.jpg 1024w, https:\/\/noticiatotal.net\/wp-content\/uploads\/2023\/06\/tina_2-300x200.jpg 300w, https:\/\/noticiatotal.net\/wp-content\/uploads\/2023\/06\/tina_2-768x512.jpg 768w, https:\/\/noticiatotal.net\/wp-content\/uploads\/2023\/06\/tina_2.jpg 1200w\" sizes=\"auto, (max-width: 1024px) 100vw, 1024px\" \/><figcaption id=\"caption-attachment-260\" class=\"wp-caption-text\"><span style=\"font-family: arial, helvetica, sans-serif;\">FOTO FOXNEWS<\/span><\/figcaption><\/figure>\n<p><span style=\"font-family: arial, helvetica, sans-serif; font-size: 14pt;\">Segundo Afida, estima-se que a cantora tenha uma fortuna de quase 300 milh\u00f5es de d\u00f3lares, o equivalente a cerca de 1,5 bilh\u00e3o de reais. De acordo com ela, que \u00e9 a vi\u00fava de Ronnie Taylor, filho de Tina, 47% da heran\u00e7a deve ser destinada ao marido de Tina, Erwin Bach, que \u00e9 produtor musical. O restante da fortuna seguir\u00e1 a legisla\u00e7\u00e3o su\u00ed\u00e7a, pa\u00eds onde a cantora residia oficialmente, e ser\u00e1 destinado aos filhos de Afida.<\/span><\/p>\n<p>&nbsp;<\/p>\n<h2><span style=\"font-family: arial, helvetica, sans-serif;\">FILHOS<\/span><\/h2>\n<p>&nbsp;<\/p>\n<p><span style=\"font-family: arial, helvetica, sans-serif; font-size: 14pt;\">Ao todo, Tina tinha quatro filhos. Dois deles, Craig e Ronnie, eram seus filhos biol\u00f3gicos e j\u00e1 faleceram. Os outros dois, Ike Turner Jr. e Michael Turner, eram filhos apenas de seu primeiro marido, Ike, mas foram adotados por Tina ap\u00f3s o falecimento de sua m\u00e3e.<\/span><\/p>\n<p><span style=\"font-family: arial, helvetica, sans-serif; font-size: 14pt;\">No entanto, como explicou Afida, Tina nunca adotou legalmente seus outros filhos. &#8220;Ent\u00e3o, os \u00fanicos que seriam considerados &#8216;de sangue&#8217;, por assim dizer, como descendentes de Tina Turner, seriam Craig e Ronnie&#8221;, afirmou a nora.<\/span><\/p>\n<p><span style=\"font-family: arial, helvetica, sans-serif; font-size: 14pt;\">O filho mais velho de Tina, Craig, faleceu em 2018 aos 55 anos, supostamente por suic\u00eddio. Quatro anos depois, Ronnie faleceu aos 62 anos devido a um c\u00e2ncer.<\/span><\/p>\n<p><span style=\"font-family: arial, helvetica, sans-serif; font-size: 14pt;\">Os outros dois filhos da cantora est\u00e3o vivos, mas mantiveram-se afastados dos holofotes durante a maior parte de suas vidas.<\/span><\/p>\n<p>&nbsp;<\/p>\n<figure id=\"attachment_261\" aria-describedby=\"caption-attachment-261\" style=\"width: 1024px\" class=\"wp-caption alignnone\"><img loading=\"lazy\" decoding=\"async\" class=\"size-large wp-image-261\" src=\"https:\/\/noticiatotal.net\/wp-content\/uploads\/2023\/06\/tina3-1024x683.jpg\" alt=\"\" width=\"1024\" height=\"683\" srcset=\"https:\/\/noticiatotal.net\/wp-content\/uploads\/2023\/06\/tina3-1024x683.jpg 1024w, https:\/\/noticiatotal.net\/wp-content\/uploads\/2023\/06\/tina3-300x200.jpg 300w, https:\/\/noticiatotal.net\/wp-content\/uploads\/2023\/06\/tina3-768x512.jpg 768w, https:\/\/noticiatotal.net\/wp-content\/uploads\/2023\/06\/tina3.jpg 1200w\" sizes=\"auto, (max-width: 1024px) 100vw, 1024px\" \/><figcaption id=\"caption-attachment-261\" class=\"wp-caption-text\">FOTO O GLOBO<\/figcaption><\/figure>\n<p><span style=\"font-family: arial, helvetica, sans-serif; font-size: 14pt;\">Durante os \u00faltimos anos de sua vida, Tina Turner residiu em uma mans\u00e3o localizada na regi\u00e3o de Zurique, na Su\u00ed\u00e7a. Foi nessa resid\u00eancia que a cantora veio a falecer. Tina mudou-se para a Su\u00ed\u00e7a na d\u00e9cada de 1990 e, em 2013, tornou-se cidad\u00e3 do pa\u00eds. Sua mudan\u00e7a teve como objetivo viver mais pr\u00f3xima de seu companheiro.<\/span><\/p>\n<p><span style=\"font-family: arial, helvetica, sans-serif; font-size: 14pt;\">De acordo com Erwin Bach, o local, que abrangia uma \u00e1rea de mais de 22 mil metros quadrados, era considerado seu &#8220;ref\u00fagio de fim de semana&#8221;. A mans\u00e3o possu\u00eda uma lagoa privada, piscina, riacho e um deque para barcos em sua \u00e1rea externa.<\/span><\/p>\n<p>&nbsp;<\/p>\n<p>&nbsp;<\/p>\n<h2><span style=\"font-family: arial, helvetica, sans-serif;\">VALORES<\/span><\/h2>\n<p>&nbsp;<\/p>\n<p><span style=\"font-family: arial, helvetica, sans-serif; font-size: 14pt;\">Em 2022, o valor estimado da propriedade era de 76 milh\u00f5es de d\u00f3lares, equivalente a aproximadamente 380 milh\u00f5es de reais.<\/span><\/p>\n<p><span style=\"font-family: arial, helvetica, sans-serif; font-size: 14pt;\">A heran\u00e7a deixada por Tina \u00e9 consider\u00e1vel, embora pudesse ter sido ainda maior. Isso ocorreu porque, de acordo com o site CelebrityNetWorth, em 1976, ela transferiu uma parte significativa de sua fortuna para seu ex-marido. Tina optou por deixar essa quantia substancial com Ike a fim de evitar prolongadas disputas ap\u00f3s o turbulento relacionamento entre eles.<\/span><\/p>\n<p>&nbsp;<\/p>\n<h2><span style=\"font-family: arial, helvetica, sans-serif;\">DOAR<\/span><\/h2>\n<p>&nbsp;<\/p>\n<p><span style=\"font-family: arial, helvetica, sans-serif; font-size: 14pt;\">Nem todas as heran\u00e7as seguem o caminho convencional, como \u00e9 o caso da fortuna deixada por uma milion\u00e1ria nascida na cidade de Col\u00f4nia, por\u00e9m residente nos Estados Unidos h\u00e1 d\u00e9cadas. Ap\u00f3s seu falecimento, uma grande surpresa aguardava o zool\u00f3gico localizado no oeste da Alemanha. De acordo com informa\u00e7\u00f5es divulgadas pelo pr\u00f3prio estabelecimento, toda a heran\u00e7a da milion\u00e1ria ser\u00e1 destinada ao zool\u00f3gico.<\/span><\/p>\n<p><span style=\"font-family: arial, helvetica, sans-serif; font-size: 14pt;\">A milion\u00e1ria em quest\u00e3o \u00e9 Elizabeth Reichert, que faleceu em meados de fevereiro de 2022, aos 96 anos de idade. Antes de seu falecimento, ela havia prometido que o zool\u00f3gico seria o benefici\u00e1rio de sua heran\u00e7a. O estabelecimento foi informado sobre isso em dezembro pelo respons\u00e1vel pelo patrim\u00f4nio da idosa.<\/span><\/p>\n<p><span style=\"font-family: arial, helvetica, sans-serif; font-size: 14pt;\">E assim se concretizou. O primeiro montante da heran\u00e7a, no valor de 700 mil d\u00f3lares, j\u00e1 foi recebido na Alemanha. Ao todo, o zool\u00f3gico receber\u00e1 26 milh\u00f5es de d\u00f3lares, equivalente a mais de 135 milh\u00f5es de reais. No entanto, de acordo com os documentos, a heran\u00e7a foi colocada em um fundo. Portanto, ser\u00e3o feitos repasses anuais em quantias que podem aumentar ao longo do tempo, podendo chegar a 1,5 milh\u00e3o de euros.<\/span><\/p>\n<p><span style=\"font-family: arial, helvetica, sans-serif; font-size: 14pt;\">Christopher Landsberg, diretor do zool\u00f3gico de Col\u00f4nia, revelou que todo o processo para a consolida\u00e7\u00e3o da heran\u00e7a demandou meses devido \u00e0s regulamenta\u00e7\u00f5es e exig\u00eancias legais envolvendo os Estados Unidos e a Alemanha.<\/span><\/p>\n<p><span style=\"font-family: arial, helvetica, sans-serif; font-size: 14pt;\">&#8220;Com isso, garantimos uma receita adicional significativa para o zool\u00f3gico&#8221;, afirmou ele.<\/span><\/p>\n<p><span style=\"font-family: arial, helvetica, sans-serif; font-size: 14pt;\">O diretor tamb\u00e9m destacou que a cria\u00e7\u00e3o do fundo assegura que o zool\u00f3gico se beneficie dos valores repassados ao longo de um longo per\u00edodo, abrangendo v\u00e1rias gera\u00e7\u00f5es.<\/span><\/p>\n<p>&nbsp;<\/p>\n<p>&nbsp;<\/p>\n<p>&nbsp;<\/p>\n","protected":false},"excerpt":{"rendered":"<p>Aos 83 anos, ocorreu o falecimento de Tina Turner. Descubra o valor da heran\u00e7a deixada pela lend\u00e1ria cantora e como essa riqueza ser\u00e1 distribu\u00edda entre os benefici\u00e1rios. &nbsp; O mundo dos artistas movimenta uma quantia significativa de dinheiro, o que n\u00e3o \u00e9 segredo para ningu\u00e9m. Nesse contexto, os atores e celebridades t\u00eam diversas formas de &hellip;<\/p>\n<p class=\"read-more\"> <a class=\"\" href=\"https:\/\/noticiatotal.net\/index.php\/2023\/06\/09\/qual-e-o-valor-estimado-da-heranca-deixada-por-tina-turner-e-como-podera-ser-distribuida-entre-os-herdeiros\/\"> <span class=\"screen-reader-text\">Qual \u00e9 o valor estimado da heran\u00e7a deixada por Tina Turner e como poder\u00e1 ser distribu\u00edda entre os herdeiros?<\/span> Leia mais &raquo;<\/a><\/p>\n","protected":false},"author":1,"featured_media":259,"comment_status":"closed","ping_status":"open","sticky":false,"template":"","format":"standard","meta":{"site-sidebar-layout":"default","site-content-layout":"default","ast-global-header-display":"","ast-banner-title-visibility":"","ast-main-header-display":"","ast-hfb-above-header-display":"","ast-hfb-below-header-display":"","ast-hfb-mobile-header-display":"","site-post-title":"","ast-breadcrumbs-content":"","ast-featured-img":"","footer-sml-layout":"","theme-transparent-header-meta":"default","adv-header-id-meta":"","stick-header-meta":"","header-above-stick-meta":"","header-main-stick-meta":"","header-below-stick-meta":"","footnotes":""},"categories":[3],"tags":[50,49],"class_list":["post-258","post","type-post","status-publish","format-standard","has-post-thumbnail","hentry","category-fama-e-tv","tag-fama","tag-tina-turner"],"yoast_head":"<!-- This site is optimized with the Yoast SEO plugin v21.5 - https:\/\/yoast.com\/wordpress\/plugins\/seo\/ -->\n<title>Qual \u00e9 o valor estimado da heran\u00e7a deixada por Tina Turner e como poder\u00e1 ser distribu\u00edda entre os herdeiros? - NOTICIA TOTAL<\/title>\n<meta name=\"description\" content=\"Qual \u00e9 o valor estimado da heran\u00e7a deixada por Tina Turner. Aos 83 anos, ocorreu o falecimento de Tina Turner. Descubra o valor da heran\u00e7a de\" \/>\n<meta name=\"robots\" content=\"index, follow, max-snippet:-1, max-image-preview:large, max-video-preview:-1\" \/>\n<link rel=\"canonical\" href=\"https:\/\/noticiatotal.net\/index.php\/2023\/06\/09\/qual-e-o-valor-estimado-da-heranca-deixada-por-tina-turner-e-como-podera-ser-distribuida-entre-os-herdeiros\/\" \/>\n<meta property=\"og:locale\" content=\"pt_BR\" \/>\n<meta property=\"og:type\" content=\"article\" \/>\n<meta property=\"og:title\" content=\"Qual \u00e9 o valor estimado da heran\u00e7a deixada por Tina Turner e como poder\u00e1 ser distribu\u00edda entre os herdeiros? - NOTICIA TOTAL\" \/>\n<meta property=\"og:description\" content=\"Qual \u00e9 o valor estimado da heran\u00e7a deixada por Tina Turner. Aos 83 anos, ocorreu o falecimento de Tina Turner. Descubra o valor da heran\u00e7a de\" \/>\n<meta property=\"og:url\" content=\"https:\/\/noticiatotal.net\/index.php\/2023\/06\/09\/qual-e-o-valor-estimado-da-heranca-deixada-por-tina-turner-e-como-podera-ser-distribuida-entre-os-herdeiros\/\" \/>\n<meta property=\"og:site_name\" content=\"NOTICIA TOTAL\" \/>\n<meta property=\"article:published_time\" content=\"2023-06-09T17:32:17+00:00\" \/>\n<meta property=\"article:modified_time\" content=\"2023-06-23T01:07:07+00:00\" \/>\n<meta property=\"og:image\" content=\"https:\/\/noticiatotal.net\/wp-content\/uploads\/2023\/06\/tina.jpg\" \/>\n\t<meta property=\"og:image:width\" content=\"1200\" \/>\n\t<meta property=\"og:image:height\" content=\"800\" \/>\n\t<meta property=\"og:image:type\" content=\"image\/jpeg\" \/>\n<meta name=\"author\" content=\"lucasfernandomoura\" \/>\n<meta name=\"twitter:card\" content=\"summary_large_image\" \/>\n<meta name=\"twitter:label1\" content=\"Escrito por\" \/>\n\t<meta name=\"twitter:data1\" content=\"lucasfernandomoura\" \/>\n\t<meta name=\"twitter:label2\" content=\"Est. tempo de leitura\" \/>\n\t<meta name=\"twitter:data2\" content=\"6 minutos\" \/>\n<script type=\"application\/ld+json\" class=\"yoast-schema-graph\">{\"@context\":\"https:\/\/schema.org\",\"@graph\":[{\"@type\":\"WebPage\",\"@id\":\"https:\/\/noticiatotal.net\/index.php\/2023\/06\/09\/qual-e-o-valor-estimado-da-heranca-deixada-por-tina-turner-e-como-podera-ser-distribuida-entre-os-herdeiros\/\",\"url\":\"https:\/\/noticiatotal.net\/index.php\/2023\/06\/09\/qual-e-o-valor-estimado-da-heranca-deixada-por-tina-turner-e-como-podera-ser-distribuida-entre-os-herdeiros\/\",\"name\":\"Qual \u00e9 o valor estimado da heran\u00e7a deixada por Tina Turner e como poder\u00e1 ser distribu\u00edda entre os herdeiros? - NOTICIA TOTAL\",\"isPartOf\":{\"@id\":\"https:\/\/noticiatotal.net\/#website\"},\"datePublished\":\"2023-06-09T17:32:17+00:00\",\"dateModified\":\"2023-06-23T01:07:07+00:00\",\"author\":{\"@id\":\"https:\/\/noticiatotal.net\/#\/schema\/person\/cad5b22920df7ae426c485cabbe44fdd\"},\"description\":\"Qual \u00e9 o valor estimado da heran\u00e7a deixada por Tina Turner. Aos 83 anos, ocorreu o falecimento de Tina Turner. Descubra o valor da heran\u00e7a de\",\"breadcrumb\":{\"@id\":\"https:\/\/noticiatotal.net\/index.php\/2023\/06\/09\/qual-e-o-valor-estimado-da-heranca-deixada-por-tina-turner-e-como-podera-ser-distribuida-entre-os-herdeiros\/#breadcrumb\"},\"inLanguage\":\"pt-BR\",\"potentialAction\":[{\"@type\":\"ReadAction\",\"target\":[\"https:\/\/noticiatotal.net\/index.php\/2023\/06\/09\/qual-e-o-valor-estimado-da-heranca-deixada-por-tina-turner-e-como-podera-ser-distribuida-entre-os-herdeiros\/\"]}]},{\"@type\":\"BreadcrumbList\",\"@id\":\"https:\/\/noticiatotal.net\/index.php\/2023\/06\/09\/qual-e-o-valor-estimado-da-heranca-deixada-por-tina-turner-e-como-podera-ser-distribuida-entre-os-herdeiros\/#breadcrumb\",\"itemListElement\":[{\"@type\":\"ListItem\",\"position\":1,\"name\":\"In\u00edcio\",\"item\":\"https:\/\/noticiatotal.net\/\"},{\"@type\":\"ListItem\",\"position\":2,\"name\":\"Qual \u00e9 o valor estimado da heran\u00e7a deixada por Tina Turner e como poder\u00e1 ser distribu\u00edda entre os herdeiros?\"}]},{\"@type\":\"WebSite\",\"@id\":\"https:\/\/noticiatotal.net\/#website\",\"url\":\"https:\/\/noticiatotal.net\/\",\"name\":\"NOTICIA TOTAL\",\"description\":\"noticiatotal.net\",\"potentialAction\":[{\"@type\":\"SearchAction\",\"target\":{\"@type\":\"EntryPoint\",\"urlTemplate\":\"https:\/\/noticiatotal.net\/?s={search_term_string}\"},\"query-input\":\"required name=search_term_string\"}],\"inLanguage\":\"pt-BR\"},{\"@type\":\"Person\",\"@id\":\"https:\/\/noticiatotal.net\/#\/schema\/person\/cad5b22920df7ae426c485cabbe44fdd\",\"name\":\"lucasfernandomoura\",\"image\":{\"@type\":\"ImageObject\",\"inLanguage\":\"pt-BR\",\"@id\":\"https:\/\/noticiatotal.net\/#\/schema\/person\/image\/\",\"url\":\"https:\/\/secure.gravatar.com\/avatar\/48496aac2517819aa249e82567f65879bbafd2aa97f45449f4c5a7d823e60786?s=96&d=mm&r=g\",\"contentUrl\":\"https:\/\/secure.gravatar.com\/avatar\/48496aac2517819aa249e82567f65879bbafd2aa97f45449f4c5a7d823e60786?s=96&d=mm&r=g\",\"caption\":\"lucasfernandomoura\"},\"sameAs\":[\"https:\/\/noticiatotal.net\"],\"url\":\"https:\/\/noticiatotal.net\/index.php\/author\/lucasfernandomoura\/\"}]}<\/script>\n<!-- \/ Yoast SEO plugin. -->","yoast_head_json":{"title":"Qual \u00e9 o valor estimado da heran\u00e7a deixada por Tina Turner e como poder\u00e1 ser distribu\u00edda entre os herdeiros? - NOTICIA TOTAL","description":"Qual \u00e9 o valor estimado da heran\u00e7a deixada por Tina Turner. Aos 83 anos, ocorreu o falecimento de Tina Turner. Descubra o valor da heran\u00e7a de","robots":{"index":"index","follow":"follow","max-snippet":"max-snippet:-1","max-image-preview":"max-image-preview:large","max-video-preview":"max-video-preview:-1"},"canonical":"https:\/\/noticiatotal.net\/index.php\/2023\/06\/09\/qual-e-o-valor-estimado-da-heranca-deixada-por-tina-turner-e-como-podera-ser-distribuida-entre-os-herdeiros\/","og_locale":"pt_BR","og_type":"article","og_title":"Qual \u00e9 o valor estimado da heran\u00e7a deixada por Tina Turner e como poder\u00e1 ser distribu\u00edda entre os herdeiros? - NOTICIA TOTAL","og_description":"Qual \u00e9 o valor estimado da heran\u00e7a deixada por Tina Turner. Aos 83 anos, ocorreu o falecimento de Tina Turner. Descubra o valor da heran\u00e7a de","og_url":"https:\/\/noticiatotal.net\/index.php\/2023\/06\/09\/qual-e-o-valor-estimado-da-heranca-deixada-por-tina-turner-e-como-podera-ser-distribuida-entre-os-herdeiros\/","og_site_name":"NOTICIA TOTAL","article_published_time":"2023-06-09T17:32:17+00:00","article_modified_time":"2023-06-23T01:07:07+00:00","og_image":[{"width":1200,"height":800,"url":"https:\/\/noticiatotal.net\/wp-content\/uploads\/2023\/06\/tina.jpg","type":"image\/jpeg"}],"author":"lucasfernandomoura","twitter_card":"summary_large_image","twitter_misc":{"Escrito por":"lucasfernandomoura","Est. tempo de leitura":"6 minutos"},"schema":{"@context":"https:\/\/schema.org","@graph":[{"@type":"WebPage","@id":"https:\/\/noticiatotal.net\/index.php\/2023\/06\/09\/qual-e-o-valor-estimado-da-heranca-deixada-por-tina-turner-e-como-podera-ser-distribuida-entre-os-herdeiros\/","url":"https:\/\/noticiatotal.net\/index.php\/2023\/06\/09\/qual-e-o-valor-estimado-da-heranca-deixada-por-tina-turner-e-como-podera-ser-distribuida-entre-os-herdeiros\/","name":"Qual \u00e9 o valor estimado da heran\u00e7a deixada por Tina Turner e como poder\u00e1 ser distribu\u00edda entre os herdeiros? - NOTICIA TOTAL","isPartOf":{"@id":"https:\/\/noticiatotal.net\/#website"},"datePublished":"2023-06-09T17:32:17+00:00","dateModified":"2023-06-23T01:07:07+00:00","author":{"@id":"https:\/\/noticiatotal.net\/#\/schema\/person\/cad5b22920df7ae426c485cabbe44fdd"},"description":"Qual \u00e9 o valor estimado da heran\u00e7a deixada por Tina Turner. Aos 83 anos, ocorreu o falecimento de Tina Turner. Descubra o valor da heran\u00e7a de","breadcrumb":{"@id":"https:\/\/noticiatotal.net\/index.php\/2023\/06\/09\/qual-e-o-valor-estimado-da-heranca-deixada-por-tina-turner-e-como-podera-ser-distribuida-entre-os-herdeiros\/#breadcrumb"},"inLanguage":"pt-BR","potentialAction":[{"@type":"ReadAction","target":["https:\/\/noticiatotal.net\/index.php\/2023\/06\/09\/qual-e-o-valor-estimado-da-heranca-deixada-por-tina-turner-e-como-podera-ser-distribuida-entre-os-herdeiros\/"]}]},{"@type":"BreadcrumbList","@id":"https:\/\/noticiatotal.net\/index.php\/2023\/06\/09\/qual-e-o-valor-estimado-da-heranca-deixada-por-tina-turner-e-como-podera-ser-distribuida-entre-os-herdeiros\/#breadcrumb","itemListElement":[{"@type":"ListItem","position":1,"name":"In\u00edcio","item":"https:\/\/noticiatotal.net\/"},{"@type":"ListItem","position":2,"name":"Qual \u00e9 o valor estimado da heran\u00e7a deixada por Tina Turner e como poder\u00e1 ser distribu\u00edda entre os herdeiros?"}]},{"@type":"WebSite","@id":"https:\/\/noticiatotal.net\/#website","url":"https:\/\/noticiatotal.net\/","name":"NOTICIA TOTAL","description":"noticiatotal.net","potentialAction":[{"@type":"SearchAction","target":{"@type":"EntryPoint","urlTemplate":"https:\/\/noticiatotal.net\/?s={search_term_string}"},"query-input":"required name=search_term_string"}],"inLanguage":"pt-BR"},{"@type":"Person","@id":"https:\/\/noticiatotal.net\/#\/schema\/person\/cad5b22920df7ae426c485cabbe44fdd","name":"lucasfernandomoura","image":{"@type":"ImageObject","inLanguage":"pt-BR","@id":"https:\/\/noticiatotal.net\/#\/schema\/person\/image\/","url":"https:\/\/secure.gravatar.com\/avatar\/48496aac2517819aa249e82567f65879bbafd2aa97f45449f4c5a7d823e60786?s=96&d=mm&r=g","contentUrl":"https:\/\/secure.gravatar.com\/avatar\/48496aac2517819aa249e82567f65879bbafd2aa97f45449f4c5a7d823e60786?s=96&d=mm&r=g","caption":"lucasfernandomoura"},"sameAs":["https:\/\/noticiatotal.net"],"url":"https:\/\/noticiatotal.net\/index.php\/author\/lucasfernandomoura\/"}]}},"amp_enabled":true,"_links":{"self":[{"href":"https:\/\/noticiatotal.net\/index.php\/wp-json\/wp\/v2\/posts\/258","targetHints":{"allow":["GET"]}}],"collection":[{"href":"https:\/\/noticiatotal.net\/index.php\/wp-json\/wp\/v2\/posts"}],"about":[{"href":"https:\/\/noticiatotal.net\/index.php\/wp-json\/wp\/v2\/types\/post"}],"author":[{"embeddable":true,"href":"https:\/\/noticiatotal.net\/index.php\/wp-json\/wp\/v2\/users\/1"}],"replies":[{"embeddable":true,"href":"https:\/\/noticiatotal.net\/index.php\/wp-json\/wp\/v2\/comments?post=258"}],"version-history":[{"count":1,"href":"https:\/\/noticiatotal.net\/index.php\/wp-json\/wp\/v2\/posts\/258\/revisions"}],"predecessor-version":[{"id":262,"href":"https:\/\/noticiatotal.net\/index.php\/wp-json\/wp\/v2\/posts\/258\/revisions\/262"}],"wp:featuredmedia":[{"embeddable":true,"href":"https:\/\/noticiatotal.net\/index.php\/wp-json\/wp\/v2\/media\/259"}],"wp:attachment":[{"href":"https:\/\/noticiatotal.net\/index.php\/wp-json\/wp\/v2\/media?parent=258"}],"wp:term":[{"taxonomy":"category","embeddable":true,"href":"https:\/\/noticiatotal.net\/index.php\/wp-json\/wp\/v2\/categories?post=258"},{"taxonomy":"post_tag","embeddable":true,"href":"https:\/\/noticiatotal.net\/index.php\/wp-json\/wp\/v2\/tags?post=258"}],"curies":[{"name":"wp","href":"https:\/\/api.w.org\/{rel}","templated":true}]}}