{"id":275,"date":"2023-06-12T21:38:30","date_gmt":"2023-06-13T00:38:30","guid":{"rendered":"https:\/\/noticiatotal.net\/?p=275"},"modified":"2023-06-22T22:07:32","modified_gmt":"2023-06-23T01:07:32","slug":"a-aparicao-de-uma-mancha-verde-em-veneza-foi-recentemente-revelada","status":"publish","type":"post","link":"https:\/\/noticiatotal.net\/index.php\/2023\/06\/12\/a-aparicao-de-uma-mancha-verde-em-veneza-foi-recentemente-revelada\/","title":{"rendered":"A apari\u00e7\u00e3o de uma mancha verde em Veneza foi recentemente revelada"},"content":{"rendered":"<h2 style=\"text-align: center;\"><span style=\"font-family: arial, helvetica, sans-serif;\">No \u00faltimo fim de semana, ocorreu uma surpreendente mudan\u00e7a de cor nos canais de Veneza, que ganharam um tom verde fluorescente. Agora, as raz\u00f5es por tr\u00e1s desse fen\u00f4meno est\u00e3o sendo reveladas.<\/span><\/h2>\n<p>&nbsp;<\/p>\n<figure id=\"attachment_276\" aria-describedby=\"caption-attachment-276\" style=\"width: 1024px\" class=\"wp-caption alignnone\"><img loading=\"lazy\" decoding=\"async\" class=\"size-large wp-image-276\" src=\"https:\/\/noticiatotal.net\/wp-content\/uploads\/2023\/06\/veneza-1024x683.jpg\" alt=\"\" width=\"1024\" height=\"683\" srcset=\"https:\/\/noticiatotal.net\/wp-content\/uploads\/2023\/06\/veneza-1024x683.jpg 1024w, https:\/\/noticiatotal.net\/wp-content\/uploads\/2023\/06\/veneza-300x200.jpg 300w, https:\/\/noticiatotal.net\/wp-content\/uploads\/2023\/06\/veneza-768x512.jpg 768w, https:\/\/noticiatotal.net\/wp-content\/uploads\/2023\/06\/veneza.jpg 1200w\" sizes=\"auto, (max-width: 1024px) 100vw, 1024px\" \/><figcaption id=\"caption-attachment-276\" class=\"wp-caption-text\"><span style=\"font-family: arial, helvetica, sans-serif;\">FOTO MISTERIOS DO MUNDO<\/span><\/figcaption><\/figure>\n<p><span style=\"font-family: arial, helvetica, sans-serif; font-size: 14pt;\">A cidade de Veneza, situada no nordeste da It\u00e1lia, \u00e9 reconhecida mundialmente por sua singularidade. Com suas ruas inundadas, arquitetura deslumbrante e rica heran\u00e7a art\u00edstica, a cidade \u00e9 um Patrim\u00f4nio Mundial. \u00c9 a capital de Veneto e abriga cerca de 270 mil habitantes.<\/span><\/p>\n<p><span style=\"font-family: arial, helvetica, sans-serif; font-size: 14pt;\">Veneza \u00e9 formada por mais de 100 pequenas ilhas, situadas em uma lagoa no Mar Adri\u00e1tico. Sua constru\u00e7\u00e3o, h\u00e1 15 s\u00e9culos, sobre lama e \u00e1gua, resultou em um lugar sem estradas, mas repleto de canais. Sua hist\u00f3ria remonta ao per\u00edodo das invas\u00f5es b\u00e1rbaras.<\/span><\/p>\n<p><span style=\"font-family: arial, helvetica, sans-serif; font-size: 14pt;\">Atualmente, Veneza \u00e9 considerada um dos destinos mais rom\u00e2nticos e tur\u00edsticos da It\u00e1lia. No entanto, recentemente, a cidade se tornou palco de um evento surpreendente. Durante o \u00faltimo fim de semana, uma inesperada mancha verde brilhante surgiu nos canais da cidade, sendo avistada inicialmente perto da Ponte Rialto.<\/span><\/p>\n<p><span style=\"font-family: arial, helvetica, sans-serif; font-size: 14pt;\">Com o passar do tempo, a tonalidade vibrante de verde se espalhou por todos os canais de Veneza, transformando completamente a paisagem da cidade.<\/span><\/p>\n<p>&nbsp;<\/p>\n<h2><span style=\"font-family: arial, helvetica, sans-serif;\">A CAUSA<\/span><\/h2>\n<p>&nbsp;<\/p>\n<blockquote>\n<p dir=\"ltr\" lang=\"it\">\ud83d\udfe2\ud83d\udd35Nessun pericolo di inquinamento dalla chiazza verde fluorescente apparsa ieri mattina nelle acque di Venezia, ma preoccupa il rischio emulazione.<br \/>\nPurtroppo Venezia \u00e8 diventata palcoscenico di azioni ben sopra le righe: servono risposte adeguate e forti.\u00a0<a href=\"https:\/\/t.co\/zcf9JBcXID\">pic.twitter.com\/zcf9JBcXID<\/a><\/p>\n<p>\u2014 Luca Zaia (@zaiapresidente)\u00a0<a href=\"https:\/\/twitter.com\/zaiapresidente\/status\/1663088445474865152?ref_src=twsrc%5Etfw\">May 29, 2023<\/a><\/p><\/blockquote>\n<p><span style=\"font-family: arial, helvetica, sans-serif; font-size: 14pt;\">Naturalmente, diante da mudan\u00e7a s\u00fabita de cor, as autoridades prontamente iniciaram uma investiga\u00e7\u00e3o para esclarecer o fen\u00f4meno do verde nos canais de Veneza. A pergunta que todos queriam resposta era: o que teria causado essa transforma\u00e7\u00e3o fluorescente?<\/span><\/p>\n<p><span style=\"font-family: arial, helvetica, sans-serif; font-size: 14pt;\">A resposta veio na segunda-feira, por meio do governador da regi\u00e3o do V\u00eaneto, na It\u00e1lia, Luca Zaia. Segundo ele, a respons\u00e1vel pela colora\u00e7\u00e3o dos canais foi a fluoresce\u00edna, um composto org\u00e2nico frequentemente utilizado em inspe\u00e7\u00f5es de \u00e1gua e expedi\u00e7\u00f5es espeleol\u00f3gicas.<\/span><\/p>\n<p><span style=\"font-family: arial, helvetica, sans-serif; font-size: 14pt;\">Apesar de a cor dos canais ter surpreendido a maioria das pessoas, o verde em quest\u00e3o n\u00e3o representa uma amea\u00e7a ao ecossistema local. Nenhum peixe foi prejudicado e nenhuma planta aqu\u00e1tica foi afetada. A CNN relata que an\u00e1lises realizadas em amostras de \u00e1gua n\u00e3o encontraram subst\u00e2ncias t\u00f3xicas.<\/span><\/p>\n<p><span style=\"font-family: arial, helvetica, sans-serif; font-size: 14pt;\">No entanto, uma pergunta ainda permanece sem resposta: como a fluoresce\u00edna chegou aos canais de Veneza? O governador n\u00e3o se pronunciou sobre esse assunto, o que apenas aumentou a curiosidade em torno do ocorrido.<\/span><\/p>\n<p><span style=\"font-family: arial, helvetica, sans-serif; font-size: 14pt;\">Olhando para o passado, especula-se se essa transforma\u00e7\u00e3o n\u00e3o teria sido uma estrat\u00e9gia para aumentar a conscientiza\u00e7\u00e3o ambiental. Em 1968, o ecoartista argentino Nicolas Garcia Uriburu j\u00e1 havia tingido o Grande Canal de verde com esse mesmo prop\u00f3sito em mente.<\/span><\/p>\n<p>&nbsp;<\/p>\n<h2><span style=\"font-family: arial, helvetica, sans-serif;\">Canais de Veneza<\/span><\/h2>\n<p>&nbsp;<\/p>\n<figure id=\"attachment_277\" aria-describedby=\"caption-attachment-277\" style=\"width: 1024px\" class=\"wp-caption alignnone\"><img loading=\"lazy\" decoding=\"async\" class=\"size-large wp-image-277\" src=\"https:\/\/noticiatotal.net\/wp-content\/uploads\/2023\/06\/veneza2-1024x683.jpg\" alt=\"\" width=\"1024\" height=\"683\" srcset=\"https:\/\/noticiatotal.net\/wp-content\/uploads\/2023\/06\/veneza2-1024x683.jpg 1024w, https:\/\/noticiatotal.net\/wp-content\/uploads\/2023\/06\/veneza2-300x200.jpg 300w, https:\/\/noticiatotal.net\/wp-content\/uploads\/2023\/06\/veneza2-768x512.jpg 768w, https:\/\/noticiatotal.net\/wp-content\/uploads\/2023\/06\/veneza2.jpg 1200w\" sizes=\"auto, (max-width: 1024px) 100vw, 1024px\" \/><figcaption id=\"caption-attachment-277\" class=\"wp-caption-text\"><span style=\"font-family: arial, helvetica, sans-serif;\">FOTO UOL<\/span><\/figcaption><\/figure>\n<p><span style=\"font-family: arial, helvetica, sans-serif; font-size: 14pt;\">Desta vez, os canais de Veneza ganharam destaque devido \u00e0 sua colora\u00e7\u00e3o incomum. No entanto, em 2020, durante o per\u00edodo em que o mundo enfrentava a pandemia do coronav\u00edrus e estava em reclus\u00e3o, eles chamaram aten\u00e7\u00e3o por outro motivo. Devido \u00e0 situa\u00e7\u00e3o do v\u00edrus, Veneza se tornou a primeira cidade a suspender suas atividades. Em 23 de fevereiro, o carnaval foi cancelado no meio do feriado.<\/span><\/p>\n<p><span style=\"font-family: arial, helvetica, sans-serif; font-size: 14pt;\">Tr\u00eas semanas ap\u00f3s essa suspens\u00e3o, algo surpreendente ocorreu na cidade. Aconteceu algo que ningu\u00e9m esperava. Os canais de Veneza voltaram a ganhar vida.<\/span><\/p>\n<p><span style=\"font-family: arial, helvetica, sans-serif; font-size: 14pt;\">Os canais da cidade sempre foram associados \u00e0 sujeira e ao mau odor. No entanto, durante aquele per\u00edodo, os moradores de Veneza capturaram imagens e compartilharam em suas redes sociais para mostrar como a \u00e1gua dos canais estava cristalina e com peixes nadando em seu interior.<\/span><\/p>\n<p>&nbsp;<\/p>\n<blockquote class=\"twitter-tweet\" data-width=\"500\" data-dnt=\"true\">\n<p lang=\"it\" dir=\"ltr\">\ud83d\udfe2\ud83d\udd35Nessun pericolo di inquinamento dalla chiazza verde fluorescente apparsa ieri mattina nelle acque di Venezia, ma preoccupa il rischio emulazione. <br \/>Purtroppo Venezia \u00e8 diventata palcoscenico di azioni ben sopra le righe: servono risposte adeguate e forti. <a href=\"https:\/\/t.co\/zcf9JBcXID\">pic.twitter.com\/zcf9JBcXID<\/a><\/p>\n<p>&mdash; Luca Zaia (@zaiapresidente) <a href=\"https:\/\/twitter.com\/zaiapresidente\/status\/1663088445474865152?ref_src=twsrc%5Etfw\">May 29, 2023<\/a><\/p><\/blockquote>\n<p><script async src=\"https:\/\/platform.twitter.com\/widgets.js\" charset=\"utf-8\"><\/script><\/p>\n<p>&nbsp;<\/p>\n<p><span style=\"font-family: arial, helvetica, sans-serif; font-size: 14pt;\">No entanto, o enigma permanecia: como a fluoresce\u00edna encontrou seu caminho para os canais? O governador optou por n\u00e3o comentar sobre o assunto, aumentando ainda mais a curiosidade e a precau\u00e7\u00e3o.<\/span><\/p>\n<p><span style=\"font-family: arial, helvetica, sans-serif; font-size: 14pt;\">Ao olhar para o passado, especula-se que isso poderia ser uma medida dr\u00e1stica para promover a conscientiza\u00e7\u00e3o ambiental, fazendo refer\u00eancia a 1968, quando o renomado eco-artista argentino Nicolas Garcia Uriburu tingiu o Grande Canal de verde em prol dessa causa. Com o mist\u00e9rio em torno do corante ainda sem solu\u00e7\u00e3o, parece que Veneza tem mais uma hist\u00f3ria fascinante para adicionar \u00e0 sua rica narrativa.<\/span><\/p>\n<p><span style=\"font-family: arial, helvetica, sans-serif; font-size: 14pt;\">No final das contas, embora a invas\u00e3o esmeralda tenha causado um impacto memor\u00e1vel, Veneza continua a encantar e fascinar, agora com um brilho verde adicional. Enquanto isso, as autoridades permanecem vigilantes, prontas para proteger sua amada cidade contra quaisquer futuras surpresas aqu\u00e1ticas.<\/span><\/p>\n<p>&nbsp;<\/p>\n","protected":false},"excerpt":{"rendered":"<p>No \u00faltimo fim de semana, ocorreu uma surpreendente mudan\u00e7a de cor nos canais de Veneza, que ganharam um tom verde fluorescente. Agora, as raz\u00f5es por tr\u00e1s desse fen\u00f4meno est\u00e3o sendo reveladas. &nbsp; A cidade de Veneza, situada no nordeste da It\u00e1lia, \u00e9 reconhecida mundialmente por sua singularidade. Com suas ruas inundadas, arquitetura deslumbrante e rica &hellip;<\/p>\n<p class=\"read-more\"> <a class=\"\" href=\"https:\/\/noticiatotal.net\/index.php\/2023\/06\/12\/a-aparicao-de-uma-mancha-verde-em-veneza-foi-recentemente-revelada\/\"> <span class=\"screen-reader-text\">A apari\u00e7\u00e3o de uma mancha verde em Veneza foi recentemente revelada<\/span> Leia mais &raquo;<\/a><\/p>\n","protected":false},"author":1,"featured_media":276,"comment_status":"closed","ping_status":"open","sticky":false,"template":"","format":"standard","meta":{"site-sidebar-layout":"default","site-content-layout":"default","ast-global-header-display":"","ast-banner-title-visibility":"","ast-main-header-display":"","ast-hfb-above-header-display":"","ast-hfb-below-header-display":"","ast-hfb-mobile-header-display":"","site-post-title":"","ast-breadcrumbs-content":"","ast-featured-img":"","footer-sml-layout":"","theme-transparent-header-meta":"default","adv-header-id-meta":"","stick-header-meta":"","header-above-stick-meta":"","header-main-stick-meta":"","header-below-stick-meta":"","footnotes":""},"categories":[8],"tags":[54],"class_list":["post-275","post","type-post","status-publish","format-standard","has-post-thumbnail","hentry","category-mundo","tag-veneza"],"yoast_head":"<!-- This site is optimized with the Yoast SEO plugin v21.5 - https:\/\/yoast.com\/wordpress\/plugins\/seo\/ -->\n<title>A apari\u00e7\u00e3o de uma mancha verde em Veneza foi recentemente revelada - NOTICIA TOTAL<\/title>\n<meta name=\"description\" content=\"A apari\u00e7\u00e3o de uma mancha verde em Veneza foi recentemente revelada. No \u00faltimo fim de semana, ocorreu uma surpreendente mudan\u00e7a de cor no\" \/>\n<meta name=\"robots\" content=\"index, follow, max-snippet:-1, max-image-preview:large, max-video-preview:-1\" \/>\n<link rel=\"canonical\" href=\"https:\/\/noticiatotal.net\/index.php\/2023\/06\/12\/a-aparicao-de-uma-mancha-verde-em-veneza-foi-recentemente-revelada\/\" \/>\n<meta property=\"og:locale\" content=\"pt_BR\" \/>\n<meta property=\"og:type\" content=\"article\" \/>\n<meta property=\"og:title\" content=\"A apari\u00e7\u00e3o de uma mancha verde em Veneza foi recentemente revelada - NOTICIA TOTAL\" \/>\n<meta property=\"og:description\" content=\"A apari\u00e7\u00e3o de uma mancha verde em Veneza foi recentemente revelada. No \u00faltimo fim de semana, ocorreu uma surpreendente mudan\u00e7a de cor no\" \/>\n<meta property=\"og:url\" content=\"https:\/\/noticiatotal.net\/index.php\/2023\/06\/12\/a-aparicao-de-uma-mancha-verde-em-veneza-foi-recentemente-revelada\/\" \/>\n<meta property=\"og:site_name\" content=\"NOTICIA TOTAL\" \/>\n<meta property=\"article:published_time\" content=\"2023-06-13T00:38:30+00:00\" \/>\n<meta property=\"article:modified_time\" content=\"2023-06-23T01:07:32+00:00\" \/>\n<meta property=\"og:image\" content=\"https:\/\/noticiatotal.net\/wp-content\/uploads\/2023\/06\/veneza.jpg\" \/>\n\t<meta property=\"og:image:width\" content=\"1200\" \/>\n\t<meta property=\"og:image:height\" content=\"800\" \/>\n\t<meta property=\"og:image:type\" content=\"image\/jpeg\" \/>\n<meta name=\"author\" content=\"lucasfernandomoura\" \/>\n<meta name=\"twitter:card\" content=\"summary_large_image\" \/>\n<meta name=\"twitter:label1\" content=\"Escrito por\" \/>\n\t<meta name=\"twitter:data1\" content=\"lucasfernandomoura\" \/>\n\t<meta name=\"twitter:label2\" content=\"Est. tempo de leitura\" \/>\n\t<meta name=\"twitter:data2\" content=\"5 minutos\" \/>\n<script type=\"application\/ld+json\" class=\"yoast-schema-graph\">{\"@context\":\"https:\/\/schema.org\",\"@graph\":[{\"@type\":\"WebPage\",\"@id\":\"https:\/\/noticiatotal.net\/index.php\/2023\/06\/12\/a-aparicao-de-uma-mancha-verde-em-veneza-foi-recentemente-revelada\/\",\"url\":\"https:\/\/noticiatotal.net\/index.php\/2023\/06\/12\/a-aparicao-de-uma-mancha-verde-em-veneza-foi-recentemente-revelada\/\",\"name\":\"A apari\u00e7\u00e3o de uma mancha verde em Veneza foi recentemente revelada - NOTICIA TOTAL\",\"isPartOf\":{\"@id\":\"https:\/\/noticiatotal.net\/#website\"},\"datePublished\":\"2023-06-13T00:38:30+00:00\",\"dateModified\":\"2023-06-23T01:07:32+00:00\",\"author\":{\"@id\":\"https:\/\/noticiatotal.net\/#\/schema\/person\/cad5b22920df7ae426c485cabbe44fdd\"},\"description\":\"A apari\u00e7\u00e3o de uma mancha verde em Veneza foi recentemente revelada. No \u00faltimo fim de semana, ocorreu uma surpreendente mudan\u00e7a de cor no\",\"breadcrumb\":{\"@id\":\"https:\/\/noticiatotal.net\/index.php\/2023\/06\/12\/a-aparicao-de-uma-mancha-verde-em-veneza-foi-recentemente-revelada\/#breadcrumb\"},\"inLanguage\":\"pt-BR\",\"potentialAction\":[{\"@type\":\"ReadAction\",\"target\":[\"https:\/\/noticiatotal.net\/index.php\/2023\/06\/12\/a-aparicao-de-uma-mancha-verde-em-veneza-foi-recentemente-revelada\/\"]}]},{\"@type\":\"BreadcrumbList\",\"@id\":\"https:\/\/noticiatotal.net\/index.php\/2023\/06\/12\/a-aparicao-de-uma-mancha-verde-em-veneza-foi-recentemente-revelada\/#breadcrumb\",\"itemListElement\":[{\"@type\":\"ListItem\",\"position\":1,\"name\":\"In\u00edcio\",\"item\":\"https:\/\/noticiatotal.net\/\"},{\"@type\":\"ListItem\",\"position\":2,\"name\":\"A apari\u00e7\u00e3o de uma mancha verde em Veneza foi recentemente revelada\"}]},{\"@type\":\"WebSite\",\"@id\":\"https:\/\/noticiatotal.net\/#website\",\"url\":\"https:\/\/noticiatotal.net\/\",\"name\":\"NOTICIA TOTAL\",\"description\":\"noticiatotal.net\",\"potentialAction\":[{\"@type\":\"SearchAction\",\"target\":{\"@type\":\"EntryPoint\",\"urlTemplate\":\"https:\/\/noticiatotal.net\/?s={search_term_string}\"},\"query-input\":\"required name=search_term_string\"}],\"inLanguage\":\"pt-BR\"},{\"@type\":\"Person\",\"@id\":\"https:\/\/noticiatotal.net\/#\/schema\/person\/cad5b22920df7ae426c485cabbe44fdd\",\"name\":\"lucasfernandomoura\",\"image\":{\"@type\":\"ImageObject\",\"inLanguage\":\"pt-BR\",\"@id\":\"https:\/\/noticiatotal.net\/#\/schema\/person\/image\/\",\"url\":\"https:\/\/secure.gravatar.com\/avatar\/48496aac2517819aa249e82567f65879bbafd2aa97f45449f4c5a7d823e60786?s=96&d=mm&r=g\",\"contentUrl\":\"https:\/\/secure.gravatar.com\/avatar\/48496aac2517819aa249e82567f65879bbafd2aa97f45449f4c5a7d823e60786?s=96&d=mm&r=g\",\"caption\":\"lucasfernandomoura\"},\"sameAs\":[\"https:\/\/noticiatotal.net\"],\"url\":\"https:\/\/noticiatotal.net\/index.php\/author\/lucasfernandomoura\/\"}]}<\/script>\n<!-- \/ Yoast SEO plugin. -->","yoast_head_json":{"title":"A apari\u00e7\u00e3o de uma mancha verde em Veneza foi recentemente revelada - NOTICIA TOTAL","description":"A apari\u00e7\u00e3o de uma mancha verde em Veneza foi recentemente revelada. No \u00faltimo fim de semana, ocorreu uma surpreendente mudan\u00e7a de cor no","robots":{"index":"index","follow":"follow","max-snippet":"max-snippet:-1","max-image-preview":"max-image-preview:large","max-video-preview":"max-video-preview:-1"},"canonical":"https:\/\/noticiatotal.net\/index.php\/2023\/06\/12\/a-aparicao-de-uma-mancha-verde-em-veneza-foi-recentemente-revelada\/","og_locale":"pt_BR","og_type":"article","og_title":"A apari\u00e7\u00e3o de uma mancha verde em Veneza foi recentemente revelada - NOTICIA TOTAL","og_description":"A apari\u00e7\u00e3o de uma mancha verde em Veneza foi recentemente revelada. No \u00faltimo fim de semana, ocorreu uma surpreendente mudan\u00e7a de cor no","og_url":"https:\/\/noticiatotal.net\/index.php\/2023\/06\/12\/a-aparicao-de-uma-mancha-verde-em-veneza-foi-recentemente-revelada\/","og_site_name":"NOTICIA TOTAL","article_published_time":"2023-06-13T00:38:30+00:00","article_modified_time":"2023-06-23T01:07:32+00:00","og_image":[{"width":1200,"height":800,"url":"https:\/\/noticiatotal.net\/wp-content\/uploads\/2023\/06\/veneza.jpg","type":"image\/jpeg"}],"author":"lucasfernandomoura","twitter_card":"summary_large_image","twitter_misc":{"Escrito por":"lucasfernandomoura","Est. tempo de leitura":"5 minutos"},"schema":{"@context":"https:\/\/schema.org","@graph":[{"@type":"WebPage","@id":"https:\/\/noticiatotal.net\/index.php\/2023\/06\/12\/a-aparicao-de-uma-mancha-verde-em-veneza-foi-recentemente-revelada\/","url":"https:\/\/noticiatotal.net\/index.php\/2023\/06\/12\/a-aparicao-de-uma-mancha-verde-em-veneza-foi-recentemente-revelada\/","name":"A apari\u00e7\u00e3o de uma mancha verde em Veneza foi recentemente revelada - NOTICIA TOTAL","isPartOf":{"@id":"https:\/\/noticiatotal.net\/#website"},"datePublished":"2023-06-13T00:38:30+00:00","dateModified":"2023-06-23T01:07:32+00:00","author":{"@id":"https:\/\/noticiatotal.net\/#\/schema\/person\/cad5b22920df7ae426c485cabbe44fdd"},"description":"A apari\u00e7\u00e3o de uma mancha verde em Veneza foi recentemente revelada. No \u00faltimo fim de semana, ocorreu uma surpreendente mudan\u00e7a de cor no","breadcrumb":{"@id":"https:\/\/noticiatotal.net\/index.php\/2023\/06\/12\/a-aparicao-de-uma-mancha-verde-em-veneza-foi-recentemente-revelada\/#breadcrumb"},"inLanguage":"pt-BR","potentialAction":[{"@type":"ReadAction","target":["https:\/\/noticiatotal.net\/index.php\/2023\/06\/12\/a-aparicao-de-uma-mancha-verde-em-veneza-foi-recentemente-revelada\/"]}]},{"@type":"BreadcrumbList","@id":"https:\/\/noticiatotal.net\/index.php\/2023\/06\/12\/a-aparicao-de-uma-mancha-verde-em-veneza-foi-recentemente-revelada\/#breadcrumb","itemListElement":[{"@type":"ListItem","position":1,"name":"In\u00edcio","item":"https:\/\/noticiatotal.net\/"},{"@type":"ListItem","position":2,"name":"A apari\u00e7\u00e3o de uma mancha verde em Veneza foi recentemente revelada"}]},{"@type":"WebSite","@id":"https:\/\/noticiatotal.net\/#website","url":"https:\/\/noticiatotal.net\/","name":"NOTICIA TOTAL","description":"noticiatotal.net","potentialAction":[{"@type":"SearchAction","target":{"@type":"EntryPoint","urlTemplate":"https:\/\/noticiatotal.net\/?s={search_term_string}"},"query-input":"required name=search_term_string"}],"inLanguage":"pt-BR"},{"@type":"Person","@id":"https:\/\/noticiatotal.net\/#\/schema\/person\/cad5b22920df7ae426c485cabbe44fdd","name":"lucasfernandomoura","image":{"@type":"ImageObject","inLanguage":"pt-BR","@id":"https:\/\/noticiatotal.net\/#\/schema\/person\/image\/","url":"https:\/\/secure.gravatar.com\/avatar\/48496aac2517819aa249e82567f65879bbafd2aa97f45449f4c5a7d823e60786?s=96&d=mm&r=g","contentUrl":"https:\/\/secure.gravatar.com\/avatar\/48496aac2517819aa249e82567f65879bbafd2aa97f45449f4c5a7d823e60786?s=96&d=mm&r=g","caption":"lucasfernandomoura"},"sameAs":["https:\/\/noticiatotal.net"],"url":"https:\/\/noticiatotal.net\/index.php\/author\/lucasfernandomoura\/"}]}},"amp_enabled":true,"_links":{"self":[{"href":"https:\/\/noticiatotal.net\/index.php\/wp-json\/wp\/v2\/posts\/275","targetHints":{"allow":["GET"]}}],"collection":[{"href":"https:\/\/noticiatotal.net\/index.php\/wp-json\/wp\/v2\/posts"}],"about":[{"href":"https:\/\/noticiatotal.net\/index.php\/wp-json\/wp\/v2\/types\/post"}],"author":[{"embeddable":true,"href":"https:\/\/noticiatotal.net\/index.php\/wp-json\/wp\/v2\/users\/1"}],"replies":[{"embeddable":true,"href":"https:\/\/noticiatotal.net\/index.php\/wp-json\/wp\/v2\/comments?post=275"}],"version-history":[{"count":1,"href":"https:\/\/noticiatotal.net\/index.php\/wp-json\/wp\/v2\/posts\/275\/revisions"}],"predecessor-version":[{"id":278,"href":"https:\/\/noticiatotal.net\/index.php\/wp-json\/wp\/v2\/posts\/275\/revisions\/278"}],"wp:featuredmedia":[{"embeddable":true,"href":"https:\/\/noticiatotal.net\/index.php\/wp-json\/wp\/v2\/media\/276"}],"wp:attachment":[{"href":"https:\/\/noticiatotal.net\/index.php\/wp-json\/wp\/v2\/media?parent=275"}],"wp:term":[{"taxonomy":"category","embeddable":true,"href":"https:\/\/noticiatotal.net\/index.php\/wp-json\/wp\/v2\/categories?post=275"},{"taxonomy":"post_tag","embeddable":true,"href":"https:\/\/noticiatotal.net\/index.php\/wp-json\/wp\/v2\/tags?post=275"}],"curies":[{"name":"wp","href":"https:\/\/api.w.org\/{rel}","templated":true}]}}