{"id":280,"date":"2023-06-13T22:29:00","date_gmt":"2023-06-14T01:29:00","guid":{"rendered":"https:\/\/noticiatotal.net\/?p=280"},"modified":"2023-06-22T22:07:40","modified_gmt":"2023-06-23T01:07:40","slug":"tubarao-baleia-de-12-toneladas-e-descoberto-sem-vida-na-baia-de-vitoria","status":"publish","type":"post","link":"https:\/\/noticiatotal.net\/index.php\/2023\/06\/13\/tubarao-baleia-de-12-toneladas-e-descoberto-sem-vida-na-baia-de-vitoria\/","title":{"rendered":"Tubar\u00e3o-baleia de 12 toneladas \u00e9 descoberto sem vida na Ba\u00eda de Vit\u00f3ria"},"content":{"rendered":"<h2><span style=\"font-family: arial, helvetica, sans-serif;\">Conforme relat\u00f3rio divulgado pelo Instituto Orca, especializado na identifica\u00e7\u00e3o de esp\u00e9cies marinhas, \u00e9 incomum encontrar tubar\u00f5es-baleia encalhados.<\/span><\/h2>\n<p>&nbsp;<\/p>\n<figure id=\"attachment_281\" aria-describedby=\"caption-attachment-281\" style=\"width: 1024px\" class=\"wp-caption alignnone\"><img loading=\"lazy\" decoding=\"async\" class=\"size-large wp-image-281\" src=\"https:\/\/noticiatotal.net\/wp-content\/uploads\/2023\/06\/peixe-1024x683.jpg\" alt=\"\" width=\"1024\" height=\"683\" srcset=\"https:\/\/noticiatotal.net\/wp-content\/uploads\/2023\/06\/peixe-1024x683.jpg 1024w, https:\/\/noticiatotal.net\/wp-content\/uploads\/2023\/06\/peixe-300x200.jpg 300w, https:\/\/noticiatotal.net\/wp-content\/uploads\/2023\/06\/peixe-768x512.jpg 768w, https:\/\/noticiatotal.net\/wp-content\/uploads\/2023\/06\/peixe.jpg 1200w\" sizes=\"auto, (max-width: 1024px) 100vw, 1024px\" \/><figcaption id=\"caption-attachment-281\" class=\"wp-caption-text\"><span style=\"font-family: arial, helvetica, sans-serif;\">FOTO G1<\/span><\/figcaption><\/figure>\n<p><span style=\"font-family: arial, helvetica, sans-serif; font-size: 14pt;\">Nesta segunda-feira (27), moradores da Ba\u00eda de Vit\u00f3ria encontraram um gigantesco tubar\u00e3o-baleia, com cerca de 12 toneladas, sem vida. Especialistas do Instituto Orca, por meio do projeto Baleia Jubarte, confirmaram que se tratava da esp\u00e9cie Rhincodon typus, reconhecida como o maior peixe do mundo, sendo raro o registro de encalhes desse tipo de animal.<\/span><\/p>\n<p>&nbsp;<\/p>\n<p>&nbsp;<\/p>\n<h2><span style=\"font-family: arial, helvetica, sans-serif;\">SOBRE A ESP\u00c9CIE<\/span><\/h2>\n<p>&nbsp;<\/p>\n<p><span style=\"font-family: arial, helvetica, sans-serif; font-size: 14pt;\">De acordo com os especialistas do projeto, constatou-se que se tratava de uma f\u00eamea adulta medindo impressionantes 11,6 metros de comprimento. A carca\u00e7a do tubar\u00e3o-baleia, em estado avan\u00e7ado de decomposi\u00e7\u00e3o, foi rebocada at\u00e9 um estaleiro localizado na Prainha, em Vila Velha, nesta ter\u00e7a-feira (28).<\/span><\/p>\n<p><span style=\"font-family: arial, helvetica, sans-serif; font-size: 14pt;\">No estaleiro, os pesquisadores realizaram uma necropsia minuciosa no tubar\u00e3o-baleia, visando compreender melhor seus h\u00e1bitos e os poss\u00edveis impactos enfrentados pela esp\u00e9cie. Essa an\u00e1lise contribuir\u00e1 significativamente para o conhecimento cient\u00edfico e para a conserva\u00e7\u00e3o desses animais.<\/span><\/p>\n<p>&nbsp;<\/p>\n<h2><span style=\"font-family: arial, helvetica, sans-serif;\">NECR\u00d3PSIA<\/span><\/h2>\n<p>&nbsp;<\/p>\n<figure id=\"attachment_282\" aria-describedby=\"caption-attachment-282\" style=\"width: 1024px\" class=\"wp-caption alignnone\"><img loading=\"lazy\" decoding=\"async\" class=\"size-large wp-image-282\" src=\"https:\/\/noticiatotal.net\/wp-content\/uploads\/2023\/06\/peixe2-1024x683.jpg\" alt=\"\" width=\"1024\" height=\"683\" srcset=\"https:\/\/noticiatotal.net\/wp-content\/uploads\/2023\/06\/peixe2-1024x683.jpg 1024w, https:\/\/noticiatotal.net\/wp-content\/uploads\/2023\/06\/peixe2-300x200.jpg 300w, https:\/\/noticiatotal.net\/wp-content\/uploads\/2023\/06\/peixe2-768x512.jpg 768w, https:\/\/noticiatotal.net\/wp-content\/uploads\/2023\/06\/peixe2.jpg 1200w\" sizes=\"auto, (max-width: 1024px) 100vw, 1024px\" \/><figcaption id=\"caption-attachment-282\" class=\"wp-caption-text\"><span style=\"font-family: arial, helvetica, sans-serif;\">FOTO G1<\/span><\/figcaption><\/figure>\n<p>&nbsp;<\/p>\n<p><span style=\"font-family: arial, helvetica, sans-serif; font-size: 14pt;\">Conforme os resultados da necropsia realizada pelo projeto, foi constatado que o animal aparentava estar em bom estado de sa\u00fade e bem alimentado, com uma camada de gordura significativa. O exame do est\u00f4mago indicou que o tubar\u00e3o-baleia estava se alimentando de forma normal.<\/span><\/p>\n<p><span style=\"font-family: arial, helvetica, sans-serif; font-size: 14pt;\">Al\u00e9m disso, o exame n\u00e3o revelou a presen\u00e7a de materiais estranhos, como pl\u00e1sticos e borrachas provenientes da polui\u00e7\u00e3o oce\u00e2nica, tampouco evid\u00eancias de enredamento em equipamentos de pesca ou ind\u00edcios de colis\u00e3o com embarca\u00e7\u00f5es.<\/span><\/p>\n<p>&nbsp;<\/p>\n<h2><span style=\"font-family: arial, helvetica, sans-serif;\">AMOSTRAS<\/span><\/h2>\n<p>&nbsp;<\/p>\n<p><span style=\"font-family: arial, helvetica, sans-serif; font-size: 14pt;\">O projeto tamb\u00e9m informou que foram coletadas amostras de tecido do tubar\u00e3o-baleia, que ser\u00e3o examinadas posteriormente com o objetivo de identificar poss\u00edveis doen\u00e7as ou contamina\u00e7\u00f5es.<\/span><\/p>\n<p><span style=\"font-family: arial, helvetica, sans-serif; font-size: 14pt;\">Ao t\u00e9rmino da necropsia, de acordo com o Baleia Jubarte, o animal ser\u00e1 devidamente enterrado em um local apropriado providenciado pela Secretaria de Meio Ambiente de Vila Velha.<\/span><\/p>\n<p>&nbsp;<\/p>\n<p>&nbsp;<\/p>\n<h2><span style=\"font-family: arial, helvetica, sans-serif;\">ONDE HABITA?<\/span><\/h2>\n<p>&nbsp;<\/p>\n<figure id=\"attachment_283\" aria-describedby=\"caption-attachment-283\" style=\"width: 1024px\" class=\"wp-caption alignnone\"><img loading=\"lazy\" decoding=\"async\" class=\"size-large wp-image-283\" src=\"https:\/\/noticiatotal.net\/wp-content\/uploads\/2023\/06\/peixe3-1024x683.jpg\" alt=\"\" width=\"1024\" height=\"683\" srcset=\"https:\/\/noticiatotal.net\/wp-content\/uploads\/2023\/06\/peixe3-1024x683.jpg 1024w, https:\/\/noticiatotal.net\/wp-content\/uploads\/2023\/06\/peixe3-300x200.jpg 300w, https:\/\/noticiatotal.net\/wp-content\/uploads\/2023\/06\/peixe3-768x512.jpg 768w, https:\/\/noticiatotal.net\/wp-content\/uploads\/2023\/06\/peixe3.jpg 1200w\" sizes=\"auto, (max-width: 1024px) 100vw, 1024px\" \/><figcaption id=\"caption-attachment-283\" class=\"wp-caption-text\"><span style=\"font-family: arial, helvetica, sans-serif;\">FOTO INFOESCOLA<\/span><\/figcaption><\/figure>\n<p>&nbsp;<\/p>\n<p><span style=\"font-family: arial, helvetica, sans-serif; font-size: 14pt;\">O tubar\u00e3o-baleia \u00e9 uma esp\u00e9cie que habita principalmente \u00e1guas tropicais e subtropicais ao redor do mundo. Eles s\u00e3o conhecidos por sua ampla distribui\u00e7\u00e3o geogr\u00e1fica e s\u00e3o frequentemente avistados em \u00e1reas com \u00e1guas quentes e ricas em nutrientes.<\/span><\/p>\n<p><span style=\"font-family: arial, helvetica, sans-serif; font-size: 14pt;\">Esses majestosos animais s\u00e3o encontrados em oceanos abertos, bem como em \u00e1reas costeiras pr\u00f3ximas a recifes de coral, ilhas e plataformas continentais. As \u00e1guas ao longo da costa do Pac\u00edfico, incluindo o Golfo da Calif\u00f3rnia, as Filipinas, a Indon\u00e9sia e a Austr\u00e1lia, s\u00e3o locais onde os tubar\u00f5es-baleia s\u00e3o avistados com mais frequ\u00eancia.<\/span><\/p>\n<p>&nbsp;<\/p>\n<h2><span style=\"font-family: arial, helvetica, sans-serif;\">REGI\u00d5ES<\/span><\/h2>\n<p>&nbsp;<\/p>\n<p><span style=\"font-family: arial, helvetica, sans-serif; font-size: 14pt;\">Al\u00e9m disso, eles tamb\u00e9m podem ser encontrados em regi\u00f5es como o Mar Vermelho, o Golfo P\u00e9rsico, o Oceano \u00cdndico e o Mar do Caribe. Esses tubar\u00f5es t\u00eam a capacidade de migrar longas dist\u00e2ncias em busca de alimento, seguindo correntes oce\u00e2nicas e aproveitando as \u00e1reas de alimenta\u00e7\u00e3o sazonal.<\/span><\/p>\n<p><span style=\"font-family: arial, helvetica, sans-serif; font-size: 14pt;\">Embora sejam principalmente encontrados em \u00e1guas quentes, ocasionalmente podem ser avistados em regi\u00f5es mais frias, como o Atl\u00e2ntico Norte e Sul. No entanto, \u00e9 importante ressaltar que sua presen\u00e7a nessas \u00e1reas \u00e9 mais rara.<\/span><\/p>\n<p><span style=\"font-family: arial, helvetica, sans-serif; font-size: 14pt;\">Em resumo, o tubar\u00e3o-baleia \u00e9 uma esp\u00e9cie que tende a habitar \u00e1guas tropicais e subtropicais ao redor do mundo, sendo encontrados em oceanos abertos, \u00e1reas costeiras e regi\u00f5es com recifes de coral, seguindo correntes oce\u00e2nicas e aproveitando as \u00e1reas de alimenta\u00e7\u00e3o sazonal.<\/span><\/p>\n<p>&nbsp;<\/p>\n<h2><span style=\"font-family: arial, helvetica, sans-serif;\">COMO VIVEM?<\/span><\/h2>\n<p>&nbsp;<\/p>\n<p><span style=\"font-family: arial, helvetica, sans-serif; font-size: 14pt;\">O tubar\u00e3o-baleia \u00e9 uma esp\u00e9cie marinha fascinante e, embora seu comportamento seja amplamente estudado, ainda h\u00e1 muito a aprender sobre sua vida e h\u00e1bitos. Aqui est\u00e3o algumas informa\u00e7\u00f5es sobre como eles vivem:<\/span><\/p>\n<ol>\n<li><span style=\"font-family: arial, helvetica, sans-serif; font-size: 14pt;\">Alimenta\u00e7\u00e3o: O tubar\u00e3o-baleia \u00e9 um filtrador de alimenta\u00e7\u00e3o, o que significa que se alimenta principalmente de pl\u00e2ncton, pequenos peixes, crust\u00e1ceos e outros organismos marinhos microsc\u00f3picos. Eles nadam com a boca aberta, filtrando grandes volumes de \u00e1gua e capturando alimentos por meio de suas br\u00e2nquias filtradoras.<\/span><\/li>\n<li><span style=\"font-family: arial, helvetica, sans-serif; font-size: 14pt;\">Tamanho e crescimento: O tubar\u00e3o-baleia \u00e9 o maior peixe do mundo, podendo atingir comprimentos de at\u00e9 12 a 18 metros, embora registros de indiv\u00edduos ainda maiores tenham sido relatados. Eles crescem lentamente, e estima-se que atinjam a maturidade sexual entre 25 e 30 anos de idade.<\/span><\/li>\n<li><span style=\"font-family: arial, helvetica, sans-serif; font-size: 14pt;\">Comportamento social: Os tubar\u00f5es-baleia s\u00e3o geralmente solit\u00e1rios, mas ocasionalmente podem ser vistos em grupos durante per\u00edodos de alimenta\u00e7\u00e3o em \u00e1reas com abund\u00e2ncia de alimentos. Esses grupos s\u00e3o geralmente formados por indiv\u00edduos de diferentes tamanhos e idades.<\/span><\/li>\n<li><span style=\"font-family: arial, helvetica, sans-serif; font-size: 14pt;\">Migra\u00e7\u00e3o: Os tubar\u00f5es-baleia s\u00e3o animais migrat\u00f3rios e podem percorrer longas dist\u00e2ncias em busca de alimentos e para reprodu\u00e7\u00e3o. Eles seguem correntes oce\u00e2nicas e podem migrar entre diferentes \u00e1reas ao longo do ano.<\/span><\/li>\n<li><span style=\"font-family: arial, helvetica, sans-serif; font-size: 14pt;\">Longevidade: A expectativa de vida do tubar\u00e3o-baleia ainda \u00e9 um assunto de estudo, mas estima-se que possam viver at\u00e9 cerca de 70 anos.<\/span><\/li>\n<li><span style=\"font-family: arial, helvetica, sans-serif; font-size: 14pt;\">Intera\u00e7\u00e3o com humanos: Esses tubar\u00f5es s\u00e3o conhecidos por serem d\u00f3ceis e geralmente n\u00e3o representam uma amea\u00e7a para os humanos. Mergulhadores t\u00eam a oportunidade de nadar e observar essas criaturas incr\u00edveis em algumas \u00e1reas onde s\u00e3o avistadas com frequ\u00eancia, como parte de atividades de turismo respons\u00e1vel.<\/span><\/li>\n<\/ol>\n<p><span style=\"font-family: arial, helvetica, sans-serif; font-size: 14pt;\">\u00c9 importante lembrar que, como qualquer outra esp\u00e9cie marinha, o tubar\u00e3o-baleia enfrenta amea\u00e7as, como a pesca ilegal e a colis\u00e3o com embarca\u00e7\u00f5es. A prote\u00e7\u00e3o e conserva\u00e7\u00e3o desses animais s\u00e3o fundamentais para garantir sua sobreviv\u00eancia e o equil\u00edbrio dos ecossistemas marinhos.<\/span><\/p>\n<figure id=\"attachment_284\" aria-describedby=\"caption-attachment-284\" style=\"width: 1024px\" class=\"wp-caption alignnone\"><img loading=\"lazy\" decoding=\"async\" class=\"size-large wp-image-284\" src=\"https:\/\/noticiatotal.net\/wp-content\/uploads\/2023\/06\/peixe4-1024x683.jpg\" alt=\"\" width=\"1024\" height=\"683\" srcset=\"https:\/\/noticiatotal.net\/wp-content\/uploads\/2023\/06\/peixe4-1024x683.jpg 1024w, https:\/\/noticiatotal.net\/wp-content\/uploads\/2023\/06\/peixe4-300x200.jpg 300w, https:\/\/noticiatotal.net\/wp-content\/uploads\/2023\/06\/peixe4-768x512.jpg 768w, https:\/\/noticiatotal.net\/wp-content\/uploads\/2023\/06\/peixe4.jpg 1200w\" sizes=\"auto, (max-width: 1024px) 100vw, 1024px\" \/><figcaption id=\"caption-attachment-284\" class=\"wp-caption-text\"><span style=\"font-family: arial, helvetica, sans-serif;\">FOTO ECOLOGIA<\/span><\/figcaption><\/figure>\n","protected":false},"excerpt":{"rendered":"<p>Conforme relat\u00f3rio divulgado pelo Instituto Orca, especializado na identifica\u00e7\u00e3o de esp\u00e9cies marinhas, \u00e9 incomum encontrar tubar\u00f5es-baleia encalhados. &nbsp; Nesta segunda-feira (27), moradores da Ba\u00eda de Vit\u00f3ria encontraram um gigantesco tubar\u00e3o-baleia, com cerca de 12 toneladas, sem vida. Especialistas do Instituto Orca, por meio do projeto Baleia Jubarte, confirmaram que se tratava da esp\u00e9cie Rhincodon typus, &hellip;<\/p>\n<p class=\"read-more\"> <a class=\"\" href=\"https:\/\/noticiatotal.net\/index.php\/2023\/06\/13\/tubarao-baleia-de-12-toneladas-e-descoberto-sem-vida-na-baia-de-vitoria\/\"> <span class=\"screen-reader-text\">Tubar\u00e3o-baleia de 12 toneladas \u00e9 descoberto sem vida na Ba\u00eda de Vit\u00f3ria<\/span> Leia mais &raquo;<\/a><\/p>\n","protected":false},"author":1,"featured_media":281,"comment_status":"closed","ping_status":"open","sticky":false,"template":"","format":"standard","meta":{"site-sidebar-layout":"default","site-content-layout":"default","ast-global-header-display":"","ast-banner-title-visibility":"","ast-main-header-display":"","ast-hfb-above-header-display":"","ast-hfb-below-header-display":"","ast-hfb-mobile-header-display":"","site-post-title":"","ast-breadcrumbs-content":"","ast-featured-img":"","footer-sml-layout":"","theme-transparent-header-meta":"default","adv-header-id-meta":"","stick-header-meta":"","header-above-stick-meta":"","header-main-stick-meta":"","header-below-stick-meta":"","footnotes":""},"categories":[7],"tags":[55,56],"class_list":["post-280","post","type-post","status-publish","format-standard","has-post-thumbnail","hentry","category-brasil","tag-tubarao","tag-vitoria"],"yoast_head":"<!-- This site is optimized with the Yoast SEO plugin v21.5 - https:\/\/yoast.com\/wordpress\/plugins\/seo\/ -->\n<title>Tubar\u00e3o-baleia de 12 toneladas \u00e9 descoberto sem vida na Ba\u00eda de Vit\u00f3ria - NOTICIA TOTAL<\/title>\n<meta name=\"description\" content=\"Enorme tubar\u00e3o-baleia de 12 toneladas \u00e9 descoberto sem vida na Ba\u00eda de Vit\u00f3ria. Conforme relat\u00f3rio divulgado pelo Instituto Orca, especializ\" \/>\n<meta name=\"robots\" content=\"index, follow, max-snippet:-1, max-image-preview:large, max-video-preview:-1\" \/>\n<link rel=\"canonical\" href=\"https:\/\/noticiatotal.net\/index.php\/2023\/06\/13\/tubarao-baleia-de-12-toneladas-e-descoberto-sem-vida-na-baia-de-vitoria\/\" \/>\n<meta property=\"og:locale\" content=\"pt_BR\" \/>\n<meta property=\"og:type\" content=\"article\" \/>\n<meta property=\"og:title\" content=\"Tubar\u00e3o-baleia de 12 toneladas \u00e9 descoberto sem vida na Ba\u00eda de Vit\u00f3ria - NOTICIA TOTAL\" \/>\n<meta property=\"og:description\" content=\"Enorme tubar\u00e3o-baleia de 12 toneladas \u00e9 descoberto sem vida na Ba\u00eda de Vit\u00f3ria. Conforme relat\u00f3rio divulgado pelo Instituto Orca, especializ\" \/>\n<meta property=\"og:url\" content=\"https:\/\/noticiatotal.net\/index.php\/2023\/06\/13\/tubarao-baleia-de-12-toneladas-e-descoberto-sem-vida-na-baia-de-vitoria\/\" \/>\n<meta property=\"og:site_name\" content=\"NOTICIA TOTAL\" \/>\n<meta property=\"article:published_time\" content=\"2023-06-14T01:29:00+00:00\" \/>\n<meta property=\"article:modified_time\" content=\"2023-06-23T01:07:40+00:00\" \/>\n<meta property=\"og:image\" content=\"https:\/\/noticiatotal.net\/wp-content\/uploads\/2023\/06\/peixe.jpg\" \/>\n\t<meta property=\"og:image:width\" content=\"1200\" \/>\n\t<meta property=\"og:image:height\" content=\"800\" \/>\n\t<meta property=\"og:image:type\" content=\"image\/jpeg\" \/>\n<meta name=\"author\" content=\"lucasfernandomoura\" \/>\n<meta name=\"twitter:card\" content=\"summary_large_image\" \/>\n<meta name=\"twitter:label1\" content=\"Escrito por\" \/>\n\t<meta name=\"twitter:data1\" content=\"lucasfernandomoura\" \/>\n\t<meta name=\"twitter:label2\" content=\"Est. tempo de leitura\" \/>\n\t<meta name=\"twitter:data2\" content=\"6 minutos\" \/>\n<script type=\"application\/ld+json\" class=\"yoast-schema-graph\">{\"@context\":\"https:\/\/schema.org\",\"@graph\":[{\"@type\":\"WebPage\",\"@id\":\"https:\/\/noticiatotal.net\/index.php\/2023\/06\/13\/tubarao-baleia-de-12-toneladas-e-descoberto-sem-vida-na-baia-de-vitoria\/\",\"url\":\"https:\/\/noticiatotal.net\/index.php\/2023\/06\/13\/tubarao-baleia-de-12-toneladas-e-descoberto-sem-vida-na-baia-de-vitoria\/\",\"name\":\"Tubar\u00e3o-baleia de 12 toneladas \u00e9 descoberto sem vida na Ba\u00eda de Vit\u00f3ria - NOTICIA TOTAL\",\"isPartOf\":{\"@id\":\"https:\/\/noticiatotal.net\/#website\"},\"datePublished\":\"2023-06-14T01:29:00+00:00\",\"dateModified\":\"2023-06-23T01:07:40+00:00\",\"author\":{\"@id\":\"https:\/\/noticiatotal.net\/#\/schema\/person\/cad5b22920df7ae426c485cabbe44fdd\"},\"description\":\"Enorme tubar\u00e3o-baleia de 12 toneladas \u00e9 descoberto sem vida na Ba\u00eda de Vit\u00f3ria. Conforme relat\u00f3rio divulgado pelo Instituto Orca, especializ\",\"breadcrumb\":{\"@id\":\"https:\/\/noticiatotal.net\/index.php\/2023\/06\/13\/tubarao-baleia-de-12-toneladas-e-descoberto-sem-vida-na-baia-de-vitoria\/#breadcrumb\"},\"inLanguage\":\"pt-BR\",\"potentialAction\":[{\"@type\":\"ReadAction\",\"target\":[\"https:\/\/noticiatotal.net\/index.php\/2023\/06\/13\/tubarao-baleia-de-12-toneladas-e-descoberto-sem-vida-na-baia-de-vitoria\/\"]}]},{\"@type\":\"BreadcrumbList\",\"@id\":\"https:\/\/noticiatotal.net\/index.php\/2023\/06\/13\/tubarao-baleia-de-12-toneladas-e-descoberto-sem-vida-na-baia-de-vitoria\/#breadcrumb\",\"itemListElement\":[{\"@type\":\"ListItem\",\"position\":1,\"name\":\"In\u00edcio\",\"item\":\"https:\/\/noticiatotal.net\/\"},{\"@type\":\"ListItem\",\"position\":2,\"name\":\"Tubar\u00e3o-baleia de 12 toneladas \u00e9 descoberto sem vida na Ba\u00eda de Vit\u00f3ria\"}]},{\"@type\":\"WebSite\",\"@id\":\"https:\/\/noticiatotal.net\/#website\",\"url\":\"https:\/\/noticiatotal.net\/\",\"name\":\"NOTICIA TOTAL\",\"description\":\"noticiatotal.net\",\"potentialAction\":[{\"@type\":\"SearchAction\",\"target\":{\"@type\":\"EntryPoint\",\"urlTemplate\":\"https:\/\/noticiatotal.net\/?s={search_term_string}\"},\"query-input\":\"required name=search_term_string\"}],\"inLanguage\":\"pt-BR\"},{\"@type\":\"Person\",\"@id\":\"https:\/\/noticiatotal.net\/#\/schema\/person\/cad5b22920df7ae426c485cabbe44fdd\",\"name\":\"lucasfernandomoura\",\"image\":{\"@type\":\"ImageObject\",\"inLanguage\":\"pt-BR\",\"@id\":\"https:\/\/noticiatotal.net\/#\/schema\/person\/image\/\",\"url\":\"https:\/\/secure.gravatar.com\/avatar\/48496aac2517819aa249e82567f65879bbafd2aa97f45449f4c5a7d823e60786?s=96&d=mm&r=g\",\"contentUrl\":\"https:\/\/secure.gravatar.com\/avatar\/48496aac2517819aa249e82567f65879bbafd2aa97f45449f4c5a7d823e60786?s=96&d=mm&r=g\",\"caption\":\"lucasfernandomoura\"},\"sameAs\":[\"https:\/\/noticiatotal.net\"],\"url\":\"https:\/\/noticiatotal.net\/index.php\/author\/lucasfernandomoura\/\"}]}<\/script>\n<!-- \/ Yoast SEO plugin. -->","yoast_head_json":{"title":"Tubar\u00e3o-baleia de 12 toneladas \u00e9 descoberto sem vida na Ba\u00eda de Vit\u00f3ria - NOTICIA TOTAL","description":"Enorme tubar\u00e3o-baleia de 12 toneladas \u00e9 descoberto sem vida na Ba\u00eda de Vit\u00f3ria. Conforme relat\u00f3rio divulgado pelo Instituto Orca, especializ","robots":{"index":"index","follow":"follow","max-snippet":"max-snippet:-1","max-image-preview":"max-image-preview:large","max-video-preview":"max-video-preview:-1"},"canonical":"https:\/\/noticiatotal.net\/index.php\/2023\/06\/13\/tubarao-baleia-de-12-toneladas-e-descoberto-sem-vida-na-baia-de-vitoria\/","og_locale":"pt_BR","og_type":"article","og_title":"Tubar\u00e3o-baleia de 12 toneladas \u00e9 descoberto sem vida na Ba\u00eda de Vit\u00f3ria - NOTICIA TOTAL","og_description":"Enorme tubar\u00e3o-baleia de 12 toneladas \u00e9 descoberto sem vida na Ba\u00eda de Vit\u00f3ria. Conforme relat\u00f3rio divulgado pelo Instituto Orca, especializ","og_url":"https:\/\/noticiatotal.net\/index.php\/2023\/06\/13\/tubarao-baleia-de-12-toneladas-e-descoberto-sem-vida-na-baia-de-vitoria\/","og_site_name":"NOTICIA TOTAL","article_published_time":"2023-06-14T01:29:00+00:00","article_modified_time":"2023-06-23T01:07:40+00:00","og_image":[{"width":1200,"height":800,"url":"https:\/\/noticiatotal.net\/wp-content\/uploads\/2023\/06\/peixe.jpg","type":"image\/jpeg"}],"author":"lucasfernandomoura","twitter_card":"summary_large_image","twitter_misc":{"Escrito por":"lucasfernandomoura","Est. tempo de leitura":"6 minutos"},"schema":{"@context":"https:\/\/schema.org","@graph":[{"@type":"WebPage","@id":"https:\/\/noticiatotal.net\/index.php\/2023\/06\/13\/tubarao-baleia-de-12-toneladas-e-descoberto-sem-vida-na-baia-de-vitoria\/","url":"https:\/\/noticiatotal.net\/index.php\/2023\/06\/13\/tubarao-baleia-de-12-toneladas-e-descoberto-sem-vida-na-baia-de-vitoria\/","name":"Tubar\u00e3o-baleia de 12 toneladas \u00e9 descoberto sem vida na Ba\u00eda de Vit\u00f3ria - NOTICIA TOTAL","isPartOf":{"@id":"https:\/\/noticiatotal.net\/#website"},"datePublished":"2023-06-14T01:29:00+00:00","dateModified":"2023-06-23T01:07:40+00:00","author":{"@id":"https:\/\/noticiatotal.net\/#\/schema\/person\/cad5b22920df7ae426c485cabbe44fdd"},"description":"Enorme tubar\u00e3o-baleia de 12 toneladas \u00e9 descoberto sem vida na Ba\u00eda de Vit\u00f3ria. Conforme relat\u00f3rio divulgado pelo Instituto Orca, especializ","breadcrumb":{"@id":"https:\/\/noticiatotal.net\/index.php\/2023\/06\/13\/tubarao-baleia-de-12-toneladas-e-descoberto-sem-vida-na-baia-de-vitoria\/#breadcrumb"},"inLanguage":"pt-BR","potentialAction":[{"@type":"ReadAction","target":["https:\/\/noticiatotal.net\/index.php\/2023\/06\/13\/tubarao-baleia-de-12-toneladas-e-descoberto-sem-vida-na-baia-de-vitoria\/"]}]},{"@type":"BreadcrumbList","@id":"https:\/\/noticiatotal.net\/index.php\/2023\/06\/13\/tubarao-baleia-de-12-toneladas-e-descoberto-sem-vida-na-baia-de-vitoria\/#breadcrumb","itemListElement":[{"@type":"ListItem","position":1,"name":"In\u00edcio","item":"https:\/\/noticiatotal.net\/"},{"@type":"ListItem","position":2,"name":"Tubar\u00e3o-baleia de 12 toneladas \u00e9 descoberto sem vida na Ba\u00eda de Vit\u00f3ria"}]},{"@type":"WebSite","@id":"https:\/\/noticiatotal.net\/#website","url":"https:\/\/noticiatotal.net\/","name":"NOTICIA TOTAL","description":"noticiatotal.net","potentialAction":[{"@type":"SearchAction","target":{"@type":"EntryPoint","urlTemplate":"https:\/\/noticiatotal.net\/?s={search_term_string}"},"query-input":"required name=search_term_string"}],"inLanguage":"pt-BR"},{"@type":"Person","@id":"https:\/\/noticiatotal.net\/#\/schema\/person\/cad5b22920df7ae426c485cabbe44fdd","name":"lucasfernandomoura","image":{"@type":"ImageObject","inLanguage":"pt-BR","@id":"https:\/\/noticiatotal.net\/#\/schema\/person\/image\/","url":"https:\/\/secure.gravatar.com\/avatar\/48496aac2517819aa249e82567f65879bbafd2aa97f45449f4c5a7d823e60786?s=96&d=mm&r=g","contentUrl":"https:\/\/secure.gravatar.com\/avatar\/48496aac2517819aa249e82567f65879bbafd2aa97f45449f4c5a7d823e60786?s=96&d=mm&r=g","caption":"lucasfernandomoura"},"sameAs":["https:\/\/noticiatotal.net"],"url":"https:\/\/noticiatotal.net\/index.php\/author\/lucasfernandomoura\/"}]}},"amp_enabled":true,"_links":{"self":[{"href":"https:\/\/noticiatotal.net\/index.php\/wp-json\/wp\/v2\/posts\/280","targetHints":{"allow":["GET"]}}],"collection":[{"href":"https:\/\/noticiatotal.net\/index.php\/wp-json\/wp\/v2\/posts"}],"about":[{"href":"https:\/\/noticiatotal.net\/index.php\/wp-json\/wp\/v2\/types\/post"}],"author":[{"embeddable":true,"href":"https:\/\/noticiatotal.net\/index.php\/wp-json\/wp\/v2\/users\/1"}],"replies":[{"embeddable":true,"href":"https:\/\/noticiatotal.net\/index.php\/wp-json\/wp\/v2\/comments?post=280"}],"version-history":[{"count":1,"href":"https:\/\/noticiatotal.net\/index.php\/wp-json\/wp\/v2\/posts\/280\/revisions"}],"predecessor-version":[{"id":285,"href":"https:\/\/noticiatotal.net\/index.php\/wp-json\/wp\/v2\/posts\/280\/revisions\/285"}],"wp:featuredmedia":[{"embeddable":true,"href":"https:\/\/noticiatotal.net\/index.php\/wp-json\/wp\/v2\/media\/281"}],"wp:attachment":[{"href":"https:\/\/noticiatotal.net\/index.php\/wp-json\/wp\/v2\/media?parent=280"}],"wp:term":[{"taxonomy":"category","embeddable":true,"href":"https:\/\/noticiatotal.net\/index.php\/wp-json\/wp\/v2\/categories?post=280"},{"taxonomy":"post_tag","embeddable":true,"href":"https:\/\/noticiatotal.net\/index.php\/wp-json\/wp\/v2\/tags?post=280"}],"curies":[{"name":"wp","href":"https:\/\/api.w.org\/{rel}","templated":true}]}}