{"id":290,"date":"2023-06-15T22:10:45","date_gmt":"2023-06-16T01:10:45","guid":{"rendered":"https:\/\/noticiatotal.net\/?p=290"},"modified":"2023-06-22T22:08:04","modified_gmt":"2023-06-23T01:08:04","slug":"jovem-conclui-o-ensino-superior-aos-14-anos-e-e-recrutado-pela-spacex","status":"publish","type":"post","link":"https:\/\/noticiatotal.net\/index.php\/2023\/06\/15\/jovem-conclui-o-ensino-superior-aos-14-anos-e-e-recrutado-pela-spacex\/","title":{"rendered":"Jovem conclui o ensino superior aos 14 anos e \u00e9 recrutado pela SpaceX"},"content":{"rendered":"<h2><span style=\"font-family: arial, helvetica, sans-serif;\">Um habilidoso jovem concluiu com sucesso seus estudos universit\u00e1rios e conquistou uma oportunidade de emprego na prestigiada empresa SpaceX, sob a lideran\u00e7a vision\u00e1ria de Elon Musk. Descubra mais sobre essa hist\u00f3ria inspiradora!<\/span><\/h2>\n<p>&nbsp;<\/p>\n<figure id=\"attachment_291\" aria-describedby=\"caption-attachment-291\" style=\"width: 1024px\" class=\"wp-caption alignnone\"><img loading=\"lazy\" decoding=\"async\" class=\"size-large wp-image-291\" src=\"https:\/\/noticiatotal.net\/wp-content\/uploads\/2023\/06\/spacex-1024x683.jpg\" alt=\"\" width=\"1024\" height=\"683\" srcset=\"https:\/\/noticiatotal.net\/wp-content\/uploads\/2023\/06\/spacex-1024x683.jpg 1024w, https:\/\/noticiatotal.net\/wp-content\/uploads\/2023\/06\/spacex-300x200.jpg 300w, https:\/\/noticiatotal.net\/wp-content\/uploads\/2023\/06\/spacex-768x512.jpg 768w, https:\/\/noticiatotal.net\/wp-content\/uploads\/2023\/06\/spacex.jpg 1200w\" sizes=\"auto, (max-width: 1024px) 100vw, 1024px\" \/><figcaption id=\"caption-attachment-291\" class=\"wp-caption-text\"><span style=\"font-family: arial, helvetica, sans-serif;\">FOTO UOL<\/span><\/figcaption><\/figure>\n<p><span style=\"font-family: arial, helvetica, sans-serif; font-size: 14pt;\">O jovem prod\u00edgio Kairan Quazi, com apenas 14 anos, concluiu com \u00eaxito seus estudos neste m\u00eas de junho. Surpreendentemente, sua conclus\u00e3o n\u00e3o se deu no Ensino Fundamental, mas sim na renomada Universidade de Santa Clara, nos Estados Unidos.<\/span><\/p>\n<p><span style=\"font-family: arial, helvetica, sans-serif; font-size: 14pt;\">Quazi demonstrou um not\u00e1vel talento e dedica\u00e7\u00e3o ao se graduar em ci\u00eancia da computa\u00e7\u00e3o e engenharia, apesar de sua tenra idade.<\/span><\/p>\n<p>&nbsp;<\/p>\n<h2><span style=\"font-family: arial, helvetica, sans-serif;\">RECONHECIMENTO<\/span><\/h2>\n<p>&nbsp;<\/p>\n<p><span style=\"font-family: arial, helvetica, sans-serif; font-size: 14pt;\">Como reconhecimento de suas habilidades excepcionais, ele assumiu recentemente o cargo de engenheiro de software na SpaceX, uma prestigiosa empresa aeroespacial fundada pelo renomado empres\u00e1rio Elon Musk.<\/span><\/p>\n<p><span style=\"font-family: arial, helvetica, sans-serif; font-size: 14pt;\">Segundo informa\u00e7\u00f5es divulgadas pela Universidade de Santa Clara em um post no Facebook, datado de 7 de junho, Quazi se tornou o graduado mais jovem em toda a hist\u00f3ria de 172 anos da institui\u00e7\u00e3o.<\/span><\/p>\n<p>&nbsp;<\/p>\n<figure id=\"attachment_292\" aria-describedby=\"caption-attachment-292\" style=\"width: 1024px\" class=\"wp-caption alignnone\"><img loading=\"lazy\" decoding=\"async\" class=\"size-large wp-image-292\" src=\"https:\/\/noticiatotal.net\/wp-content\/uploads\/2023\/06\/spacex_2-1024x683.jpg\" alt=\"\" width=\"1024\" height=\"683\" srcset=\"https:\/\/noticiatotal.net\/wp-content\/uploads\/2023\/06\/spacex_2-1024x683.jpg 1024w, https:\/\/noticiatotal.net\/wp-content\/uploads\/2023\/06\/spacex_2-300x200.jpg 300w, https:\/\/noticiatotal.net\/wp-content\/uploads\/2023\/06\/spacex_2-768x512.jpg 768w, https:\/\/noticiatotal.net\/wp-content\/uploads\/2023\/06\/spacex_2.jpg 1200w\" sizes=\"auto, (max-width: 1024px) 100vw, 1024px\" \/><figcaption id=\"caption-attachment-292\" class=\"wp-caption-text\"><span style=\"font-family: arial, helvetica, sans-serif;\">FOTO UOL<\/span><\/figcaption><\/figure>\n<p><span style=\"font-family: arial, helvetica, sans-serif; font-size: 14pt;\">Em breve, o jovem prod\u00edgio planeja se deslocar da Calif\u00f3rnia para o estado de Washington, acompanhado por sua m\u00e3e, Julia, para iniciar seu trabalho na SpaceX.<\/span><\/p>\n<p><span style=\"font-family: arial, helvetica, sans-serif; font-size: 14pt;\">Ele relata que, ao iniciar sua jornada universit\u00e1ria, as pessoas inicialmente se surpreenderam com sua presen\u00e7a, mas com o passar do tempo, ele se tornou parte integrante do ambiente acad\u00eamico.<\/span><\/p>\n<p><span style=\"font-family: arial, helvetica, sans-serif; font-size: 14pt;\">Durante sua estadia na universidade, Quazi participou ativamente de v\u00e1rios grupos e associa\u00e7\u00f5es estudantis, incluindo a Associa\u00e7\u00e3o de Computa\u00e7\u00e3o e a Associa\u00e7\u00e3o de Estudantes.<\/span><\/p>\n<p><span style=\"font-family: arial, helvetica, sans-serif; font-size: 14pt;\">Al\u00e9m disso, ele tamb\u00e9m se destacou como tutor, sendo reconhecido como um dos membros mais solicitados da equipe de tutores, conforme divulgado em um comunicado oficial.<\/span><\/p>\n<p>&nbsp;<\/p>\n<h2><span style=\"font-family: arial, helvetica, sans-serif;\">ONDE COME\u00c7OU<\/span><\/h2>\n<p>&nbsp;<\/p>\n<p><span style=\"font-family: arial, helvetica, sans-serif; font-size: 14pt;\">Conforme relatado pelo jornal Los Angeles Times, Quazi sempre apresentou um not\u00e1vel avan\u00e7o em seu desenvolvimento.<\/span><\/p>\n<p><span style=\"font-family: arial, helvetica, sans-serif; font-size: 14pt;\">Desde os 2 anos de idade, ele j\u00e1 era capaz de formar frases completas e, durante seu tempo no jardim de inf\u00e2ncia, surpreendeu tanto professores como colegas ao compartilhar not\u00edcias que ouvia na Rede de R\u00e1dio P\u00fablica americana.<\/span><\/p>\n<p>&nbsp;<\/p>\n<h2><span style=\"font-family: arial, helvetica, sans-serif;\">IDADE<\/span><\/h2>\n<p>&nbsp;<\/p>\n<p><span style=\"font-family: arial, helvetica, sans-serif; font-size: 14pt;\">Aos 9 anos, Quazi come\u00e7ou a sentir que as atividades escolares n\u00e3o o desafiavam o suficiente.<\/span><\/p>\n<p><span style=\"font-family: arial, helvetica, sans-serif; font-size: 14pt;\">Na \u00e9poca, testes de QI revelaram que sua intelig\u00eancia estava no 99,9 percentil, o que o colocou no seleto grupo dos 0,1% mais talentosos da popula\u00e7\u00e3o.<\/span><\/p>\n<p><span style=\"font-family: arial, helvetica, sans-serif; font-size: 14pt;\">Com o apoio dos pais, professores e pediatra, todos concordando que ele estava pronto para desafios mais avan\u00e7ados, Quazi pulou diretamente da terceira s\u00e9rie do Ensino Fundamental para o Las Positas College, em Livermore, Calif\u00f3rnia.<\/span><\/p>\n<p>&nbsp;<\/p>\n<h2><span style=\"font-family: arial, helvetica, sans-serif; font-size: 24pt;\">CONSTRUINDO<\/span><\/h2>\n<p>&nbsp;<\/p>\n<p><span style=\"font-family: arial, helvetica, sans-serif; font-size: 14pt;\">Durante seus estudos universit\u00e1rios, Quazi e sua m\u00e3e compilaram uma lista de locais onde ele poderia se candidatar a est\u00e1gios.<\/span><\/p>\n<p><span style=\"font-family: arial, helvetica, sans-serif; font-size: 14pt;\">Embora a maioria desses lugares tenha rejeitado sua solicita\u00e7\u00e3o devido \u00e0 sua tenra idade, Lama Nachman, diretora do Laborat\u00f3rio de Pesquisa de Sistemas Inteligentes da Intel, concordou em se encontrar com o jovem de 10 anos e, em seguida, ofereceu a ele uma oportunidade de est\u00e1gio.<\/span><\/p>\n<p>&nbsp;<\/p>\n<h2><span style=\"font-family: arial, helvetica, sans-serif;\">AOS 11 ANOS<\/span><\/h2>\n<p>&nbsp;<\/p>\n<p><span style=\"font-family: arial, helvetica, sans-serif; font-size: 14pt;\">Aos 11 anos, Quazi foi admitido na Escola de Engenharia da Universidade de Santa Clara como estudante transferido.<\/span><\/p>\n<p><span style=\"font-family: arial, helvetica, sans-serif; font-size: 14pt;\">Ahmed Amer, seu orientador acad\u00eamico e professor, compartilhou ao site Mercury News o prazer que sentia em ensin\u00e1-lo, pois o jovem estava constantemente \u00e1vido para aprofundar seus conhecimentos no material do curso, fazendo perguntas perspicazes.<\/span><\/p>\n<p>&nbsp;<\/p>\n<figure id=\"attachment_293\" aria-describedby=\"caption-attachment-293\" style=\"width: 1024px\" class=\"wp-caption alignnone\"><img loading=\"lazy\" decoding=\"async\" class=\"size-large wp-image-293\" src=\"https:\/\/noticiatotal.net\/wp-content\/uploads\/2023\/06\/spacex3-1024x683.jpg\" alt=\"\" width=\"1024\" height=\"683\" srcset=\"https:\/\/noticiatotal.net\/wp-content\/uploads\/2023\/06\/spacex3-1024x683.jpg 1024w, https:\/\/noticiatotal.net\/wp-content\/uploads\/2023\/06\/spacex3-300x200.jpg 300w, https:\/\/noticiatotal.net\/wp-content\/uploads\/2023\/06\/spacex3-768x512.jpg 768w, https:\/\/noticiatotal.net\/wp-content\/uploads\/2023\/06\/spacex3.jpg 1200w\" sizes=\"auto, (max-width: 1024px) 100vw, 1024px\" \/><figcaption id=\"caption-attachment-293\" class=\"wp-caption-text\"><span style=\"font-family: arial, helvetica, sans-serif;\">FOTO G1<\/span><\/figcaption><\/figure>\n<p><span style=\"font-family: arial, helvetica, sans-serif; font-size: 14pt;\">Apesar do not\u00e1vel talento intelectual do jovem, conquistar um emprego na SpaceX aos 14 anos foi um desafio consider\u00e1vel.<\/span><\/p>\n<p><span style=\"font-family: arial, helvetica, sans-serif; font-size: 14pt;\">Ele submeteu dezenas de candidaturas ao longo do ano, enfrentando 95 rejei\u00e7\u00f5es e recebendo apenas tr\u00eas ofertas de emprego em tempo integral.<\/span><\/p>\n<p><span style=\"font-family: arial, helvetica, sans-serif; font-size: 14pt;\">Amer observou que o aluno encontrou dificuldades para ser levado a s\u00e9rio devido \u00e0 sua idade. O professor espera que, no futuro, Quazi possa prosseguir com seu potencial sem enfrentar julgamentos baseados nesse aspecto.<\/span><\/p>\n<p>&nbsp;<\/p>\n<h2><span style=\"font-family: arial, helvetica, sans-serif;\">ENTREVISTA<\/span><\/h2>\n<p>&nbsp;<\/p>\n<p><span style=\"font-family: arial, helvetica, sans-serif; font-size: 14pt;\">Durante uma entrevista \u00e0 ABC7 News, o prod\u00edgio jovem compartilhou que h\u00e1 uma cren\u00e7a difundida de que ele est\u00e1 &#8220;perdendo sua inf\u00e2ncia&#8221;, mas ele negou que isso seja verdade.<\/span><\/p>\n<p><span style=\"font-family: arial, helvetica, sans-serif; font-size: 14pt;\">Ele explicou que essa mentalidade o levaria a concluir o Ensino Fundamental agora, enquanto ele acredita que \u00e9 plenamente capaz de enfrentar desafios acad\u00eamicos exigentes em um ambiente de trabalho colaborativo e prestigioso.<\/span><\/p>\n<p>&nbsp;<\/p>\n<p>&nbsp;<\/p>\n","protected":false},"excerpt":{"rendered":"<p>Um habilidoso jovem concluiu com sucesso seus estudos universit\u00e1rios e conquistou uma oportunidade de emprego na prestigiada empresa SpaceX, sob a lideran\u00e7a vision\u00e1ria de Elon Musk. Descubra mais sobre essa hist\u00f3ria inspiradora! &nbsp; O jovem prod\u00edgio Kairan Quazi, com apenas 14 anos, concluiu com \u00eaxito seus estudos neste m\u00eas de junho. Surpreendentemente, sua conclus\u00e3o n\u00e3o &hellip;<\/p>\n<p class=\"read-more\"> <a class=\"\" href=\"https:\/\/noticiatotal.net\/index.php\/2023\/06\/15\/jovem-conclui-o-ensino-superior-aos-14-anos-e-e-recrutado-pela-spacex\/\"> <span class=\"screen-reader-text\">Jovem conclui o ensino superior aos 14 anos e \u00e9 recrutado pela SpaceX<\/span> Leia mais &raquo;<\/a><\/p>\n","protected":false},"author":1,"featured_media":291,"comment_status":"closed","ping_status":"open","sticky":false,"template":"","format":"standard","meta":{"site-sidebar-layout":"default","site-content-layout":"default","ast-global-header-display":"","ast-banner-title-visibility":"","ast-main-header-display":"","ast-hfb-above-header-display":"","ast-hfb-below-header-display":"","ast-hfb-mobile-header-display":"","site-post-title":"","ast-breadcrumbs-content":"","ast-featured-img":"","footer-sml-layout":"","theme-transparent-header-meta":"default","adv-header-id-meta":"","stick-header-meta":"","header-above-stick-meta":"","header-main-stick-meta":"","header-below-stick-meta":"","footnotes":""},"categories":[8],"tags":[],"class_list":["post-290","post","type-post","status-publish","format-standard","has-post-thumbnail","hentry","category-mundo"],"yoast_head":"<!-- This site is optimized with the Yoast SEO plugin v21.5 - https:\/\/yoast.com\/wordpress\/plugins\/seo\/ -->\n<title>Jovem conclui o ensino superior aos 14 anos e \u00e9 recrutado pela SpaceX - NOTICIA TOTAL<\/title>\n<meta name=\"description\" content=\"Jovem conclui o ensino superior aos 14 anos e \u00e9 recrutado pela SpaceX. Um habilidoso jovem concluiu com sucesso seus estudos universit\u00e1rios e\" \/>\n<meta name=\"robots\" content=\"index, follow, max-snippet:-1, max-image-preview:large, max-video-preview:-1\" \/>\n<link rel=\"canonical\" href=\"https:\/\/noticiatotal.net\/index.php\/2023\/06\/15\/jovem-conclui-o-ensino-superior-aos-14-anos-e-e-recrutado-pela-spacex\/\" \/>\n<meta property=\"og:locale\" content=\"pt_BR\" \/>\n<meta property=\"og:type\" content=\"article\" \/>\n<meta property=\"og:title\" content=\"Jovem conclui o ensino superior aos 14 anos e \u00e9 recrutado pela SpaceX - NOTICIA TOTAL\" \/>\n<meta property=\"og:description\" content=\"Jovem conclui o ensino superior aos 14 anos e \u00e9 recrutado pela SpaceX. Um habilidoso jovem concluiu com sucesso seus estudos universit\u00e1rios e\" \/>\n<meta property=\"og:url\" content=\"https:\/\/noticiatotal.net\/index.php\/2023\/06\/15\/jovem-conclui-o-ensino-superior-aos-14-anos-e-e-recrutado-pela-spacex\/\" \/>\n<meta property=\"og:site_name\" content=\"NOTICIA TOTAL\" \/>\n<meta property=\"article:published_time\" content=\"2023-06-16T01:10:45+00:00\" \/>\n<meta property=\"article:modified_time\" content=\"2023-06-23T01:08:04+00:00\" \/>\n<meta property=\"og:image\" content=\"https:\/\/noticiatotal.net\/wp-content\/uploads\/2023\/06\/spacex.jpg\" \/>\n\t<meta property=\"og:image:width\" content=\"1200\" \/>\n\t<meta property=\"og:image:height\" content=\"800\" \/>\n\t<meta property=\"og:image:type\" content=\"image\/jpeg\" \/>\n<meta name=\"author\" content=\"lucasfernandomoura\" \/>\n<meta name=\"twitter:card\" content=\"summary_large_image\" \/>\n<meta name=\"twitter:label1\" content=\"Escrito por\" \/>\n\t<meta name=\"twitter:data1\" content=\"lucasfernandomoura\" \/>\n\t<meta name=\"twitter:label2\" content=\"Est. tempo de leitura\" \/>\n\t<meta name=\"twitter:data2\" content=\"5 minutos\" \/>\n<script type=\"application\/ld+json\" class=\"yoast-schema-graph\">{\"@context\":\"https:\/\/schema.org\",\"@graph\":[{\"@type\":\"WebPage\",\"@id\":\"https:\/\/noticiatotal.net\/index.php\/2023\/06\/15\/jovem-conclui-o-ensino-superior-aos-14-anos-e-e-recrutado-pela-spacex\/\",\"url\":\"https:\/\/noticiatotal.net\/index.php\/2023\/06\/15\/jovem-conclui-o-ensino-superior-aos-14-anos-e-e-recrutado-pela-spacex\/\",\"name\":\"Jovem conclui o ensino superior aos 14 anos e \u00e9 recrutado pela SpaceX - NOTICIA TOTAL\",\"isPartOf\":{\"@id\":\"https:\/\/noticiatotal.net\/#website\"},\"datePublished\":\"2023-06-16T01:10:45+00:00\",\"dateModified\":\"2023-06-23T01:08:04+00:00\",\"author\":{\"@id\":\"https:\/\/noticiatotal.net\/#\/schema\/person\/cad5b22920df7ae426c485cabbe44fdd\"},\"description\":\"Jovem conclui o ensino superior aos 14 anos e \u00e9 recrutado pela SpaceX. Um habilidoso jovem concluiu com sucesso seus estudos universit\u00e1rios e\",\"breadcrumb\":{\"@id\":\"https:\/\/noticiatotal.net\/index.php\/2023\/06\/15\/jovem-conclui-o-ensino-superior-aos-14-anos-e-e-recrutado-pela-spacex\/#breadcrumb\"},\"inLanguage\":\"pt-BR\",\"potentialAction\":[{\"@type\":\"ReadAction\",\"target\":[\"https:\/\/noticiatotal.net\/index.php\/2023\/06\/15\/jovem-conclui-o-ensino-superior-aos-14-anos-e-e-recrutado-pela-spacex\/\"]}]},{\"@type\":\"BreadcrumbList\",\"@id\":\"https:\/\/noticiatotal.net\/index.php\/2023\/06\/15\/jovem-conclui-o-ensino-superior-aos-14-anos-e-e-recrutado-pela-spacex\/#breadcrumb\",\"itemListElement\":[{\"@type\":\"ListItem\",\"position\":1,\"name\":\"In\u00edcio\",\"item\":\"https:\/\/noticiatotal.net\/\"},{\"@type\":\"ListItem\",\"position\":2,\"name\":\"Jovem conclui o ensino superior aos 14 anos e \u00e9 recrutado pela SpaceX\"}]},{\"@type\":\"WebSite\",\"@id\":\"https:\/\/noticiatotal.net\/#website\",\"url\":\"https:\/\/noticiatotal.net\/\",\"name\":\"NOTICIA TOTAL\",\"description\":\"noticiatotal.net\",\"potentialAction\":[{\"@type\":\"SearchAction\",\"target\":{\"@type\":\"EntryPoint\",\"urlTemplate\":\"https:\/\/noticiatotal.net\/?s={search_term_string}\"},\"query-input\":\"required name=search_term_string\"}],\"inLanguage\":\"pt-BR\"},{\"@type\":\"Person\",\"@id\":\"https:\/\/noticiatotal.net\/#\/schema\/person\/cad5b22920df7ae426c485cabbe44fdd\",\"name\":\"lucasfernandomoura\",\"image\":{\"@type\":\"ImageObject\",\"inLanguage\":\"pt-BR\",\"@id\":\"https:\/\/noticiatotal.net\/#\/schema\/person\/image\/\",\"url\":\"https:\/\/secure.gravatar.com\/avatar\/48496aac2517819aa249e82567f65879bbafd2aa97f45449f4c5a7d823e60786?s=96&d=mm&r=g\",\"contentUrl\":\"https:\/\/secure.gravatar.com\/avatar\/48496aac2517819aa249e82567f65879bbafd2aa97f45449f4c5a7d823e60786?s=96&d=mm&r=g\",\"caption\":\"lucasfernandomoura\"},\"sameAs\":[\"https:\/\/noticiatotal.net\"],\"url\":\"https:\/\/noticiatotal.net\/index.php\/author\/lucasfernandomoura\/\"}]}<\/script>\n<!-- \/ Yoast SEO plugin. -->","yoast_head_json":{"title":"Jovem conclui o ensino superior aos 14 anos e \u00e9 recrutado pela SpaceX - NOTICIA TOTAL","description":"Jovem conclui o ensino superior aos 14 anos e \u00e9 recrutado pela SpaceX. Um habilidoso jovem concluiu com sucesso seus estudos universit\u00e1rios e","robots":{"index":"index","follow":"follow","max-snippet":"max-snippet:-1","max-image-preview":"max-image-preview:large","max-video-preview":"max-video-preview:-1"},"canonical":"https:\/\/noticiatotal.net\/index.php\/2023\/06\/15\/jovem-conclui-o-ensino-superior-aos-14-anos-e-e-recrutado-pela-spacex\/","og_locale":"pt_BR","og_type":"article","og_title":"Jovem conclui o ensino superior aos 14 anos e \u00e9 recrutado pela SpaceX - NOTICIA TOTAL","og_description":"Jovem conclui o ensino superior aos 14 anos e \u00e9 recrutado pela SpaceX. Um habilidoso jovem concluiu com sucesso seus estudos universit\u00e1rios e","og_url":"https:\/\/noticiatotal.net\/index.php\/2023\/06\/15\/jovem-conclui-o-ensino-superior-aos-14-anos-e-e-recrutado-pela-spacex\/","og_site_name":"NOTICIA TOTAL","article_published_time":"2023-06-16T01:10:45+00:00","article_modified_time":"2023-06-23T01:08:04+00:00","og_image":[{"width":1200,"height":800,"url":"https:\/\/noticiatotal.net\/wp-content\/uploads\/2023\/06\/spacex.jpg","type":"image\/jpeg"}],"author":"lucasfernandomoura","twitter_card":"summary_large_image","twitter_misc":{"Escrito por":"lucasfernandomoura","Est. tempo de leitura":"5 minutos"},"schema":{"@context":"https:\/\/schema.org","@graph":[{"@type":"WebPage","@id":"https:\/\/noticiatotal.net\/index.php\/2023\/06\/15\/jovem-conclui-o-ensino-superior-aos-14-anos-e-e-recrutado-pela-spacex\/","url":"https:\/\/noticiatotal.net\/index.php\/2023\/06\/15\/jovem-conclui-o-ensino-superior-aos-14-anos-e-e-recrutado-pela-spacex\/","name":"Jovem conclui o ensino superior aos 14 anos e \u00e9 recrutado pela SpaceX - NOTICIA TOTAL","isPartOf":{"@id":"https:\/\/noticiatotal.net\/#website"},"datePublished":"2023-06-16T01:10:45+00:00","dateModified":"2023-06-23T01:08:04+00:00","author":{"@id":"https:\/\/noticiatotal.net\/#\/schema\/person\/cad5b22920df7ae426c485cabbe44fdd"},"description":"Jovem conclui o ensino superior aos 14 anos e \u00e9 recrutado pela SpaceX. Um habilidoso jovem concluiu com sucesso seus estudos universit\u00e1rios e","breadcrumb":{"@id":"https:\/\/noticiatotal.net\/index.php\/2023\/06\/15\/jovem-conclui-o-ensino-superior-aos-14-anos-e-e-recrutado-pela-spacex\/#breadcrumb"},"inLanguage":"pt-BR","potentialAction":[{"@type":"ReadAction","target":["https:\/\/noticiatotal.net\/index.php\/2023\/06\/15\/jovem-conclui-o-ensino-superior-aos-14-anos-e-e-recrutado-pela-spacex\/"]}]},{"@type":"BreadcrumbList","@id":"https:\/\/noticiatotal.net\/index.php\/2023\/06\/15\/jovem-conclui-o-ensino-superior-aos-14-anos-e-e-recrutado-pela-spacex\/#breadcrumb","itemListElement":[{"@type":"ListItem","position":1,"name":"In\u00edcio","item":"https:\/\/noticiatotal.net\/"},{"@type":"ListItem","position":2,"name":"Jovem conclui o ensino superior aos 14 anos e \u00e9 recrutado pela SpaceX"}]},{"@type":"WebSite","@id":"https:\/\/noticiatotal.net\/#website","url":"https:\/\/noticiatotal.net\/","name":"NOTICIA TOTAL","description":"noticiatotal.net","potentialAction":[{"@type":"SearchAction","target":{"@type":"EntryPoint","urlTemplate":"https:\/\/noticiatotal.net\/?s={search_term_string}"},"query-input":"required name=search_term_string"}],"inLanguage":"pt-BR"},{"@type":"Person","@id":"https:\/\/noticiatotal.net\/#\/schema\/person\/cad5b22920df7ae426c485cabbe44fdd","name":"lucasfernandomoura","image":{"@type":"ImageObject","inLanguage":"pt-BR","@id":"https:\/\/noticiatotal.net\/#\/schema\/person\/image\/","url":"https:\/\/secure.gravatar.com\/avatar\/48496aac2517819aa249e82567f65879bbafd2aa97f45449f4c5a7d823e60786?s=96&d=mm&r=g","contentUrl":"https:\/\/secure.gravatar.com\/avatar\/48496aac2517819aa249e82567f65879bbafd2aa97f45449f4c5a7d823e60786?s=96&d=mm&r=g","caption":"lucasfernandomoura"},"sameAs":["https:\/\/noticiatotal.net"],"url":"https:\/\/noticiatotal.net\/index.php\/author\/lucasfernandomoura\/"}]}},"amp_enabled":true,"_links":{"self":[{"href":"https:\/\/noticiatotal.net\/index.php\/wp-json\/wp\/v2\/posts\/290","targetHints":{"allow":["GET"]}}],"collection":[{"href":"https:\/\/noticiatotal.net\/index.php\/wp-json\/wp\/v2\/posts"}],"about":[{"href":"https:\/\/noticiatotal.net\/index.php\/wp-json\/wp\/v2\/types\/post"}],"author":[{"embeddable":true,"href":"https:\/\/noticiatotal.net\/index.php\/wp-json\/wp\/v2\/users\/1"}],"replies":[{"embeddable":true,"href":"https:\/\/noticiatotal.net\/index.php\/wp-json\/wp\/v2\/comments?post=290"}],"version-history":[{"count":1,"href":"https:\/\/noticiatotal.net\/index.php\/wp-json\/wp\/v2\/posts\/290\/revisions"}],"predecessor-version":[{"id":294,"href":"https:\/\/noticiatotal.net\/index.php\/wp-json\/wp\/v2\/posts\/290\/revisions\/294"}],"wp:featuredmedia":[{"embeddable":true,"href":"https:\/\/noticiatotal.net\/index.php\/wp-json\/wp\/v2\/media\/291"}],"wp:attachment":[{"href":"https:\/\/noticiatotal.net\/index.php\/wp-json\/wp\/v2\/media?parent=290"}],"wp:term":[{"taxonomy":"category","embeddable":true,"href":"https:\/\/noticiatotal.net\/index.php\/wp-json\/wp\/v2\/categories?post=290"},{"taxonomy":"post_tag","embeddable":true,"href":"https:\/\/noticiatotal.net\/index.php\/wp-json\/wp\/v2\/tags?post=290"}],"curies":[{"name":"wp","href":"https:\/\/api.w.org\/{rel}","templated":true}]}}