{"id":321,"date":"2023-06-22T09:33:27","date_gmt":"2023-06-22T12:33:27","guid":{"rendered":"https:\/\/noticiatotal.net\/?p=321"},"modified":"2023-06-22T22:08:37","modified_gmt":"2023-06-23T01:08:37","slug":"a-vaca-brasileira-mais-cara-do-mundo-valor-estimado-em-21-milhoes","status":"publish","type":"post","link":"https:\/\/noticiatotal.net\/index.php\/2023\/06\/22\/a-vaca-brasileira-mais-cara-do-mundo-valor-estimado-em-21-milhoes\/","title":{"rendered":"A vaca Brasileira mais cara do mundo, valor estimado em 21 milh\u00f5es"},"content":{"rendered":"<h2><span style=\"font-family: arial, helvetica, sans-serif;\">Uma vaca origin\u00e1ria do Brasil foi reconhecida como a mais valiosa pelo segundo ano consecutivo, estimada em um valor superior a R$20 milh\u00f5es!<\/span><\/h2>\n<figure id=\"attachment_322\" aria-describedby=\"caption-attachment-322\" style=\"width: 1024px\" class=\"wp-caption alignnone\"><img loading=\"lazy\" decoding=\"async\" class=\"size-large wp-image-322\" src=\"https:\/\/noticiatotal.net\/wp-content\/uploads\/2023\/06\/vaca-1024x683.jpg\" alt=\"\" width=\"1024\" height=\"683\" srcset=\"https:\/\/noticiatotal.net\/wp-content\/uploads\/2023\/06\/vaca-1024x683.jpg 1024w, https:\/\/noticiatotal.net\/wp-content\/uploads\/2023\/06\/vaca-300x200.jpg 300w, https:\/\/noticiatotal.net\/wp-content\/uploads\/2023\/06\/vaca-768x512.jpg 768w, https:\/\/noticiatotal.net\/wp-content\/uploads\/2023\/06\/vaca.jpg 1200w\" sizes=\"auto, (max-width: 1024px) 100vw, 1024px\" \/><figcaption id=\"caption-attachment-322\" class=\"wp-caption-text\"><span style=\"font-family: arial, helvetica, sans-serif;\">FOTO TERRA<\/span><\/figcaption><\/figure>\n<p><span style=\"font-family: arial, helvetica, sans-serif; font-size: 14pt;\">Uma vaca de origem brasileira alcan\u00e7ou um novo marco ao ser reconhecida como a mais valiosa do mundo pela segunda vez consecutiva.<\/span><\/p>\n<p><span style=\"font-family: arial, helvetica, sans-serif; font-size: 14pt;\">A Viatina-19 FIV Mara M\u00f3veis, pertencente \u00e0 ra\u00e7a Nelore, foi vendida por R$ 6,9 milh\u00f5es em um leil\u00e3o realizado na cidade de Arandu (SP) na semana passada. Essa transa\u00e7\u00e3o elevou o valor final da vaca para aproximadamente R$ 21 milh\u00f5es.<\/span><\/p>\n<p>&nbsp;<\/p>\n<h2><span style=\"font-family: arial, helvetica, sans-serif; font-size: 18pt;\">PROPRIET\u00c1RIO<\/span><\/h2>\n<p><span style=\"font-family: arial, helvetica, sans-serif; font-size: 14pt;\">Atualmente, a propriedade da vaca pertence aos criadores Casa Branca Agropastoril, Agropecu\u00e1ria Napemo e Nelore HRO. Com 53 meses de idade, a Viatina-19 faz parte de uma das fam\u00edlias mais renomadas na cria\u00e7\u00e3o de gado da ra\u00e7a Nelore no Brasil.<\/span><\/p>\n<p><span style=\"font-family: arial, helvetica, sans-serif; font-size: 14pt;\">Ela nasceu em Nova Igua\u00e7u de Goi\u00e1s (GO), fazendo parte do rebanho do Nelore Mara M\u00f3veis.<\/span><\/p>\n<p>&nbsp;<\/p>\n<h2><span style=\"font-family: arial, helvetica, sans-serif; font-size: 18pt;\">ANIMAL EXCEPCIONAL<\/span><\/h2>\n<p><span style=\"font-family: arial, helvetica, sans-serif; font-size: 14pt;\">Seu propriet\u00e1rio, Silvestre Coelho Filho, mencionou em entrevista que, desde o nascimento da vaca, era evidente que a Viatina-19 era um animal excepcional em termos de seu bi\u00f3tipo e beleza racial.<\/span><\/p>\n<p>&nbsp;<\/p>\n<h2><span style=\"font-family: arial, helvetica, sans-serif; font-size: 18pt;\">EM 2023<\/span><\/h2>\n<p><span style=\"font-family: arial, helvetica, sans-serif; font-size: 14pt;\">Neste ano, a Viatina-19 teve uma venda bem-sucedida de o\u00f3citos (\u00f3vulos) que totalizou R$ 1,2 milh\u00e3o. Nos \u00faltimos 12 meses, foram comercializadas 13 gesta\u00e7\u00f5es, com uma m\u00e9dia de R$ 389 mil cada uma.<\/span><\/p>\n<p>&nbsp;<\/p>\n<figure id=\"attachment_322\" aria-describedby=\"caption-attachment-322\" style=\"width: 1024px\" class=\"wp-caption alignnone\"><img loading=\"lazy\" decoding=\"async\" class=\"size-large wp-image-322\" src=\"https:\/\/noticiatotal.net\/wp-content\/uploads\/2023\/06\/vaca-1024x683.jpg\" alt=\"\" width=\"1024\" height=\"683\" srcset=\"https:\/\/noticiatotal.net\/wp-content\/uploads\/2023\/06\/vaca-1024x683.jpg 1024w, https:\/\/noticiatotal.net\/wp-content\/uploads\/2023\/06\/vaca-300x200.jpg 300w, https:\/\/noticiatotal.net\/wp-content\/uploads\/2023\/06\/vaca-768x512.jpg 768w, https:\/\/noticiatotal.net\/wp-content\/uploads\/2023\/06\/vaca.jpg 1200w\" sizes=\"auto, (max-width: 1024px) 100vw, 1024px\" \/><figcaption id=\"caption-attachment-322\" class=\"wp-caption-text\">FOTO TERRA<\/figcaption><\/figure>\n<p>&nbsp;<\/p>\n<h2><span style=\"font-family: arial, helvetica, sans-serif;\">PORQUE T\u00c3O CARA?<\/span><\/h2>\n<p><span style=\"font-family: arial, helvetica, sans-serif; font-size: 14pt;\">Existem diversas raz\u00f5es pelas quais a vaca de origem brasileira pode alcan\u00e7ar valores elevados, devido \u00e0s suas caracter\u00edsticas distintas e beleza.<\/span><\/p>\n<p><span style=\"font-family: arial, helvetica, sans-serif; font-size: 14pt;\">Por exemplo, animais com pedigree e hist\u00f3rico gen\u00e9tico excepcionais possuem um potencial maior para gerar descendentes de alta qualidade.<\/span><\/p>\n<p>&nbsp;<\/p>\n<h2><span style=\"font-family: arial, helvetica, sans-serif; font-size: 18pt;\">CARACTER\u00cdSTICAS ESPEC\u00cdFICAS<\/span><\/h2>\n<p><span style=\"font-family: arial, helvetica, sans-serif; font-size: 14pt;\">Essas vacas apresentam caracter\u00edsticas espec\u00edficas, como maior capacidade de produ\u00e7\u00e3o de leite ou carne, conforma\u00e7\u00e3o f\u00edsica aprimorada e resist\u00eancia a doen\u00e7as. Como resultado, a demanda por vacas com genes valiosos impulsiona seus pre\u00e7os.<\/span><\/p>\n<p><span style=\"font-family: arial, helvetica, sans-serif; font-size: 14pt;\">Adicionalmente, vacas com um hist\u00f3rico comprovado de reprodu\u00e7\u00e3o bem-sucedida s\u00e3o altamente valorizadas.<\/span><\/p>\n<p><span style=\"font-family: arial, helvetica, sans-serif; font-size: 14pt;\">Se um bovino, como a vaca brasileira, consegue gerar uma quantidade significativa de descendentes ou produzir \u00f3vulos de alta qualidade para reprodu\u00e7\u00e3o assistida, seu valor aumenta consideravelmente. Essas caracter\u00edsticas reprodutivas podem impulsionar os pre\u00e7os para cima.<\/span><\/p>\n<p>&nbsp;<\/p>\n<h2><span style=\"font-family: arial, helvetica, sans-serif;\">GEN\u00c9TICA<\/span><\/h2>\n<p>&nbsp;<\/p>\n<p><span style=\"font-family: arial, helvetica, sans-serif; font-size: 14pt;\">Al\u00e9m disso, certas linhagens de vacas ganharam reconhecimento e renome em competi\u00e7\u00f5es pecu\u00e1rias e exposi\u00e7\u00f5es agr\u00edcolas.<\/span><\/p>\n<p><span style=\"font-family: arial, helvetica, sans-serif; font-size: 14pt;\">A reputa\u00e7\u00e3o desses animais pode resultar em pre\u00e7os mais elevados no mercado, pois eles representam excel\u00eancia na cria\u00e7\u00e3o de gado.<\/span><\/p>\n<p><span style=\"font-family: arial, helvetica, sans-serif; font-size: 14pt;\">Quando uma vaca \u00e9 \u00fanica, rara ou dif\u00edcil de adquirir, seu valor pode aumentar consideravelmente. A oferta limitada desses animais, combinada com uma demanda alta, resulta em pre\u00e7os elevados.<\/span><\/p>\n<p>&nbsp;<\/p>\n<h2><span style=\"font-family: arial, helvetica, sans-serif; font-size: 18pt;\">ANIMAIS SINGULARES<\/span><\/h2>\n<p>&nbsp;<\/p>\n<p><span style=\"font-family: arial, helvetica, sans-serif; font-size: 14pt;\">O status de &#8220;exclusivo&#8221; torna-os atraentes para colecionadores, criadores de renome ou pessoas em busca de animais singulares.<\/span><\/p>\n<p><span style=\"font-family: arial, helvetica, sans-serif; font-size: 14pt;\">Por fim, \u00e9 importante mencionar que algumas vacas s\u00e3o criadas com o objetivo de serem vendidas, visando obter retornos financeiros significativos.<\/span><\/p>\n<p><span style=\"font-family: arial, helvetica, sans-serif; font-size: 14pt;\">Por exemplo, se uma vaca possui uma linhagem notadamente produtiva ou se seus descendentes t\u00eam um alto valor de mercado, ela pode se tornar um investimento rent\u00e1vel. O potencial de lucro futuro influencia os pre\u00e7os pagos por esses animais.<\/span><\/p>\n<p>&nbsp;<\/p>\n<figure id=\"attachment_323\" aria-describedby=\"caption-attachment-323\" style=\"width: 1024px\" class=\"wp-caption alignnone\"><img loading=\"lazy\" decoding=\"async\" class=\"size-large wp-image-323\" src=\"https:\/\/noticiatotal.net\/wp-content\/uploads\/2023\/06\/VACA2-1024x683.jpg\" alt=\"\" width=\"1024\" height=\"683\" srcset=\"https:\/\/noticiatotal.net\/wp-content\/uploads\/2023\/06\/VACA2-1024x683.jpg 1024w, https:\/\/noticiatotal.net\/wp-content\/uploads\/2023\/06\/VACA2-300x200.jpg 300w, https:\/\/noticiatotal.net\/wp-content\/uploads\/2023\/06\/VACA2-768x512.jpg 768w, https:\/\/noticiatotal.net\/wp-content\/uploads\/2023\/06\/VACA2.jpg 1200w\" sizes=\"auto, (max-width: 1024px) 100vw, 1024px\" \/><figcaption id=\"caption-attachment-323\" class=\"wp-caption-text\"><span style=\"font-family: arial, helvetica, sans-serif;\">FOTO TERRA<\/span><\/figcaption><\/figure>\n<p>&nbsp;<\/p>\n<h2><span style=\"font-family: arial, helvetica, sans-serif;\">DESTINO DA VACA<\/span><\/h2>\n<p>&nbsp;<\/p>\n<p><span style=\"font-family: arial, helvetica, sans-serif; font-size: 14pt;\">Ap\u00f3s estabelecer um novo recorde, n\u00e3o h\u00e1 informa\u00e7\u00f5es dispon\u00edveis sobre o destino da vaca brasileira mais valiosa do mundo.<\/span><\/p>\n<p><span style=\"font-family: arial, helvetica, sans-serif; font-size: 14pt;\">No entanto, \u00e9 prov\u00e1vel que ela permane\u00e7a sob os cuidados atentos do propriet\u00e1rio, que valoriza sua sa\u00fade e preserva\u00e7\u00e3o da linhagem. Afinal, \u00e9 essencial que ela mantenha sua posi\u00e7\u00e3o como um animal t\u00e3o estimado.<\/span><\/p>\n<p><span style=\"font-family: arial, helvetica, sans-serif; font-size: 14pt;\">Os planos mais comuns envolvem a utiliza\u00e7\u00e3o da vaca em programas de reprodu\u00e7\u00e3o de alta qualidade, garantindo a preserva\u00e7\u00e3o dessa linhagem nobre. Caso contr\u00e1rio, em caso de circunst\u00e2ncias imprevistas, a carne do animal, provavelmente produzida com cuidado, seria destinada a consumidores exigentes.<\/span><\/p>\n<p><span style=\"font-family: arial, helvetica, sans-serif; font-size: 14pt;\">No entanto, a expectativa \u00e9 de que a vaca brasileira continue vivendo por mais alguns anos, preservando sua impon\u00eancia e beleza natural, para impressionar os apreciadores da pecu\u00e1ria de elite.<\/span><\/p>\n","protected":false},"excerpt":{"rendered":"<p>Uma vaca origin\u00e1ria do Brasil foi reconhecida como a mais valiosa pelo segundo ano consecutivo, estimada em um valor superior a R$20 milh\u00f5es! Uma vaca de origem brasileira alcan\u00e7ou um novo marco ao ser reconhecida como a mais valiosa do mundo pela segunda vez consecutiva. A Viatina-19 FIV Mara M\u00f3veis, pertencente \u00e0 ra\u00e7a Nelore, foi &hellip;<\/p>\n<p class=\"read-more\"> <a class=\"\" href=\"https:\/\/noticiatotal.net\/index.php\/2023\/06\/22\/a-vaca-brasileira-mais-cara-do-mundo-valor-estimado-em-21-milhoes\/\"> <span class=\"screen-reader-text\">A vaca Brasileira mais cara do mundo, valor estimado em 21 milh\u00f5es<\/span> Leia mais &raquo;<\/a><\/p>\n","protected":false},"author":1,"featured_media":322,"comment_status":"closed","ping_status":"open","sticky":false,"template":"","format":"standard","meta":{"site-sidebar-layout":"default","site-content-layout":"default","ast-global-header-display":"","ast-banner-title-visibility":"","ast-main-header-display":"","ast-hfb-above-header-display":"","ast-hfb-below-header-display":"","ast-hfb-mobile-header-display":"","site-post-title":"","ast-breadcrumbs-content":"","ast-featured-img":"","footer-sml-layout":"","theme-transparent-header-meta":"default","adv-header-id-meta":"","stick-header-meta":"","header-above-stick-meta":"","header-main-stick-meta":"","header-below-stick-meta":"","footnotes":""},"categories":[7],"tags":[],"class_list":["post-321","post","type-post","status-publish","format-standard","has-post-thumbnail","hentry","category-brasil"],"yoast_head":"<!-- This site is optimized with the Yoast SEO plugin v21.5 - https:\/\/yoast.com\/wordpress\/plugins\/seo\/ -->\n<title>A vaca Brasileira mais cara do mundo, valor estimado em 21 milh\u00f5es - NOTICIA TOTAL<\/title>\n<meta name=\"description\" content=\"A vaca Brasileira mais cara do mundo 21 milh\u00f5es. Uma vaca origin\u00e1ria do Brasil foi reconhecida como a mais valiosa pelo segundo ano consecut\" \/>\n<meta name=\"robots\" content=\"index, follow, max-snippet:-1, max-image-preview:large, max-video-preview:-1\" \/>\n<link rel=\"canonical\" href=\"https:\/\/noticiatotal.net\/index.php\/2023\/06\/22\/a-vaca-brasileira-mais-cara-do-mundo-valor-estimado-em-21-milhoes\/\" \/>\n<meta property=\"og:locale\" content=\"pt_BR\" \/>\n<meta property=\"og:type\" content=\"article\" \/>\n<meta property=\"og:title\" content=\"A vaca Brasileira mais cara do mundo, valor estimado em 21 milh\u00f5es - NOTICIA TOTAL\" \/>\n<meta property=\"og:description\" content=\"A vaca Brasileira mais cara do mundo 21 milh\u00f5es. Uma vaca origin\u00e1ria do Brasil foi reconhecida como a mais valiosa pelo segundo ano consecut\" \/>\n<meta property=\"og:url\" content=\"https:\/\/noticiatotal.net\/index.php\/2023\/06\/22\/a-vaca-brasileira-mais-cara-do-mundo-valor-estimado-em-21-milhoes\/\" \/>\n<meta property=\"og:site_name\" content=\"NOTICIA TOTAL\" \/>\n<meta property=\"article:published_time\" content=\"2023-06-22T12:33:27+00:00\" \/>\n<meta property=\"article:modified_time\" content=\"2023-06-23T01:08:37+00:00\" \/>\n<meta property=\"og:image\" content=\"https:\/\/noticiatotal.net\/wp-content\/uploads\/2023\/06\/vaca.jpg\" \/>\n\t<meta property=\"og:image:width\" content=\"1200\" \/>\n\t<meta property=\"og:image:height\" content=\"800\" \/>\n\t<meta property=\"og:image:type\" content=\"image\/jpeg\" \/>\n<meta name=\"author\" content=\"lucasfernandomoura\" \/>\n<meta name=\"twitter:card\" content=\"summary_large_image\" \/>\n<meta name=\"twitter:label1\" content=\"Escrito por\" \/>\n\t<meta name=\"twitter:data1\" content=\"lucasfernandomoura\" \/>\n\t<meta name=\"twitter:label2\" content=\"Est. tempo de leitura\" \/>\n\t<meta name=\"twitter:data2\" content=\"5 minutos\" \/>\n<script type=\"application\/ld+json\" class=\"yoast-schema-graph\">{\"@context\":\"https:\/\/schema.org\",\"@graph\":[{\"@type\":\"WebPage\",\"@id\":\"https:\/\/noticiatotal.net\/index.php\/2023\/06\/22\/a-vaca-brasileira-mais-cara-do-mundo-valor-estimado-em-21-milhoes\/\",\"url\":\"https:\/\/noticiatotal.net\/index.php\/2023\/06\/22\/a-vaca-brasileira-mais-cara-do-mundo-valor-estimado-em-21-milhoes\/\",\"name\":\"A vaca Brasileira mais cara do mundo, valor estimado em 21 milh\u00f5es - NOTICIA TOTAL\",\"isPartOf\":{\"@id\":\"https:\/\/noticiatotal.net\/#website\"},\"datePublished\":\"2023-06-22T12:33:27+00:00\",\"dateModified\":\"2023-06-23T01:08:37+00:00\",\"author\":{\"@id\":\"https:\/\/noticiatotal.net\/#\/schema\/person\/cad5b22920df7ae426c485cabbe44fdd\"},\"description\":\"A vaca Brasileira mais cara do mundo 21 milh\u00f5es. Uma vaca origin\u00e1ria do Brasil foi reconhecida como a mais valiosa pelo segundo ano consecut\",\"breadcrumb\":{\"@id\":\"https:\/\/noticiatotal.net\/index.php\/2023\/06\/22\/a-vaca-brasileira-mais-cara-do-mundo-valor-estimado-em-21-milhoes\/#breadcrumb\"},\"inLanguage\":\"pt-BR\",\"potentialAction\":[{\"@type\":\"ReadAction\",\"target\":[\"https:\/\/noticiatotal.net\/index.php\/2023\/06\/22\/a-vaca-brasileira-mais-cara-do-mundo-valor-estimado-em-21-milhoes\/\"]}]},{\"@type\":\"BreadcrumbList\",\"@id\":\"https:\/\/noticiatotal.net\/index.php\/2023\/06\/22\/a-vaca-brasileira-mais-cara-do-mundo-valor-estimado-em-21-milhoes\/#breadcrumb\",\"itemListElement\":[{\"@type\":\"ListItem\",\"position\":1,\"name\":\"In\u00edcio\",\"item\":\"https:\/\/noticiatotal.net\/\"},{\"@type\":\"ListItem\",\"position\":2,\"name\":\"A vaca Brasileira mais cara do mundo, valor estimado em 21 milh\u00f5es\"}]},{\"@type\":\"WebSite\",\"@id\":\"https:\/\/noticiatotal.net\/#website\",\"url\":\"https:\/\/noticiatotal.net\/\",\"name\":\"NOTICIA TOTAL\",\"description\":\"noticiatotal.net\",\"potentialAction\":[{\"@type\":\"SearchAction\",\"target\":{\"@type\":\"EntryPoint\",\"urlTemplate\":\"https:\/\/noticiatotal.net\/?s={search_term_string}\"},\"query-input\":\"required name=search_term_string\"}],\"inLanguage\":\"pt-BR\"},{\"@type\":\"Person\",\"@id\":\"https:\/\/noticiatotal.net\/#\/schema\/person\/cad5b22920df7ae426c485cabbe44fdd\",\"name\":\"lucasfernandomoura\",\"image\":{\"@type\":\"ImageObject\",\"inLanguage\":\"pt-BR\",\"@id\":\"https:\/\/noticiatotal.net\/#\/schema\/person\/image\/\",\"url\":\"https:\/\/secure.gravatar.com\/avatar\/48496aac2517819aa249e82567f65879bbafd2aa97f45449f4c5a7d823e60786?s=96&d=mm&r=g\",\"contentUrl\":\"https:\/\/secure.gravatar.com\/avatar\/48496aac2517819aa249e82567f65879bbafd2aa97f45449f4c5a7d823e60786?s=96&d=mm&r=g\",\"caption\":\"lucasfernandomoura\"},\"sameAs\":[\"https:\/\/noticiatotal.net\"],\"url\":\"https:\/\/noticiatotal.net\/index.php\/author\/lucasfernandomoura\/\"}]}<\/script>\n<!-- \/ Yoast SEO plugin. -->","yoast_head_json":{"title":"A vaca Brasileira mais cara do mundo, valor estimado em 21 milh\u00f5es - NOTICIA TOTAL","description":"A vaca Brasileira mais cara do mundo 21 milh\u00f5es. Uma vaca origin\u00e1ria do Brasil foi reconhecida como a mais valiosa pelo segundo ano consecut","robots":{"index":"index","follow":"follow","max-snippet":"max-snippet:-1","max-image-preview":"max-image-preview:large","max-video-preview":"max-video-preview:-1"},"canonical":"https:\/\/noticiatotal.net\/index.php\/2023\/06\/22\/a-vaca-brasileira-mais-cara-do-mundo-valor-estimado-em-21-milhoes\/","og_locale":"pt_BR","og_type":"article","og_title":"A vaca Brasileira mais cara do mundo, valor estimado em 21 milh\u00f5es - NOTICIA TOTAL","og_description":"A vaca Brasileira mais cara do mundo 21 milh\u00f5es. Uma vaca origin\u00e1ria do Brasil foi reconhecida como a mais valiosa pelo segundo ano consecut","og_url":"https:\/\/noticiatotal.net\/index.php\/2023\/06\/22\/a-vaca-brasileira-mais-cara-do-mundo-valor-estimado-em-21-milhoes\/","og_site_name":"NOTICIA TOTAL","article_published_time":"2023-06-22T12:33:27+00:00","article_modified_time":"2023-06-23T01:08:37+00:00","og_image":[{"width":1200,"height":800,"url":"https:\/\/noticiatotal.net\/wp-content\/uploads\/2023\/06\/vaca.jpg","type":"image\/jpeg"}],"author":"lucasfernandomoura","twitter_card":"summary_large_image","twitter_misc":{"Escrito por":"lucasfernandomoura","Est. tempo de leitura":"5 minutos"},"schema":{"@context":"https:\/\/schema.org","@graph":[{"@type":"WebPage","@id":"https:\/\/noticiatotal.net\/index.php\/2023\/06\/22\/a-vaca-brasileira-mais-cara-do-mundo-valor-estimado-em-21-milhoes\/","url":"https:\/\/noticiatotal.net\/index.php\/2023\/06\/22\/a-vaca-brasileira-mais-cara-do-mundo-valor-estimado-em-21-milhoes\/","name":"A vaca Brasileira mais cara do mundo, valor estimado em 21 milh\u00f5es - NOTICIA TOTAL","isPartOf":{"@id":"https:\/\/noticiatotal.net\/#website"},"datePublished":"2023-06-22T12:33:27+00:00","dateModified":"2023-06-23T01:08:37+00:00","author":{"@id":"https:\/\/noticiatotal.net\/#\/schema\/person\/cad5b22920df7ae426c485cabbe44fdd"},"description":"A vaca Brasileira mais cara do mundo 21 milh\u00f5es. Uma vaca origin\u00e1ria do Brasil foi reconhecida como a mais valiosa pelo segundo ano consecut","breadcrumb":{"@id":"https:\/\/noticiatotal.net\/index.php\/2023\/06\/22\/a-vaca-brasileira-mais-cara-do-mundo-valor-estimado-em-21-milhoes\/#breadcrumb"},"inLanguage":"pt-BR","potentialAction":[{"@type":"ReadAction","target":["https:\/\/noticiatotal.net\/index.php\/2023\/06\/22\/a-vaca-brasileira-mais-cara-do-mundo-valor-estimado-em-21-milhoes\/"]}]},{"@type":"BreadcrumbList","@id":"https:\/\/noticiatotal.net\/index.php\/2023\/06\/22\/a-vaca-brasileira-mais-cara-do-mundo-valor-estimado-em-21-milhoes\/#breadcrumb","itemListElement":[{"@type":"ListItem","position":1,"name":"In\u00edcio","item":"https:\/\/noticiatotal.net\/"},{"@type":"ListItem","position":2,"name":"A vaca Brasileira mais cara do mundo, valor estimado em 21 milh\u00f5es"}]},{"@type":"WebSite","@id":"https:\/\/noticiatotal.net\/#website","url":"https:\/\/noticiatotal.net\/","name":"NOTICIA TOTAL","description":"noticiatotal.net","potentialAction":[{"@type":"SearchAction","target":{"@type":"EntryPoint","urlTemplate":"https:\/\/noticiatotal.net\/?s={search_term_string}"},"query-input":"required name=search_term_string"}],"inLanguage":"pt-BR"},{"@type":"Person","@id":"https:\/\/noticiatotal.net\/#\/schema\/person\/cad5b22920df7ae426c485cabbe44fdd","name":"lucasfernandomoura","image":{"@type":"ImageObject","inLanguage":"pt-BR","@id":"https:\/\/noticiatotal.net\/#\/schema\/person\/image\/","url":"https:\/\/secure.gravatar.com\/avatar\/48496aac2517819aa249e82567f65879bbafd2aa97f45449f4c5a7d823e60786?s=96&d=mm&r=g","contentUrl":"https:\/\/secure.gravatar.com\/avatar\/48496aac2517819aa249e82567f65879bbafd2aa97f45449f4c5a7d823e60786?s=96&d=mm&r=g","caption":"lucasfernandomoura"},"sameAs":["https:\/\/noticiatotal.net"],"url":"https:\/\/noticiatotal.net\/index.php\/author\/lucasfernandomoura\/"}]}},"amp_enabled":true,"_links":{"self":[{"href":"https:\/\/noticiatotal.net\/index.php\/wp-json\/wp\/v2\/posts\/321","targetHints":{"allow":["GET"]}}],"collection":[{"href":"https:\/\/noticiatotal.net\/index.php\/wp-json\/wp\/v2\/posts"}],"about":[{"href":"https:\/\/noticiatotal.net\/index.php\/wp-json\/wp\/v2\/types\/post"}],"author":[{"embeddable":true,"href":"https:\/\/noticiatotal.net\/index.php\/wp-json\/wp\/v2\/users\/1"}],"replies":[{"embeddable":true,"href":"https:\/\/noticiatotal.net\/index.php\/wp-json\/wp\/v2\/comments?post=321"}],"version-history":[{"count":1,"href":"https:\/\/noticiatotal.net\/index.php\/wp-json\/wp\/v2\/posts\/321\/revisions"}],"predecessor-version":[{"id":324,"href":"https:\/\/noticiatotal.net\/index.php\/wp-json\/wp\/v2\/posts\/321\/revisions\/324"}],"wp:featuredmedia":[{"embeddable":true,"href":"https:\/\/noticiatotal.net\/index.php\/wp-json\/wp\/v2\/media\/322"}],"wp:attachment":[{"href":"https:\/\/noticiatotal.net\/index.php\/wp-json\/wp\/v2\/media?parent=321"}],"wp:term":[{"taxonomy":"category","embeddable":true,"href":"https:\/\/noticiatotal.net\/index.php\/wp-json\/wp\/v2\/categories?post=321"},{"taxonomy":"post_tag","embeddable":true,"href":"https:\/\/noticiatotal.net\/index.php\/wp-json\/wp\/v2\/tags?post=321"}],"curies":[{"name":"wp","href":"https:\/\/api.w.org\/{rel}","templated":true}]}}