{"id":86,"date":"2023-05-26T23:09:47","date_gmt":"2023-05-27T02:09:47","guid":{"rendered":"https:\/\/noticiatotal.net\/?p=86"},"modified":"2023-06-22T21:09:33","modified_gmt":"2023-06-23T00:09:33","slug":"baleia-na-floresta-amazonica-cientistas-ficaram-chocados-veja-mais","status":"publish","type":"post","link":"https:\/\/noticiatotal.net\/index.php\/2023\/05\/26\/baleia-na-floresta-amazonica-cientistas-ficaram-chocados-veja-mais\/","title":{"rendered":"Baleia na Floresta Amaz\u00f4nica? Cientistas ficaram chocados. VEJA MAIS&#8230;"},"content":{"rendered":"<figure id=\"attachment_87\" aria-describedby=\"caption-attachment-87\" style=\"width: 1024px\" class=\"wp-caption alignleft\"><img loading=\"lazy\" decoding=\"async\" class=\"size-large wp-image-87\" src=\"https:\/\/noticiatotal.net\/wp-content\/uploads\/2023\/05\/baleia-1024x683.jpg\" alt=\"\" width=\"1024\" height=\"683\" srcset=\"https:\/\/noticiatotal.net\/wp-content\/uploads\/2023\/05\/baleia-1024x683.jpg 1024w, https:\/\/noticiatotal.net\/wp-content\/uploads\/2023\/05\/baleia-300x200.jpg 300w, https:\/\/noticiatotal.net\/wp-content\/uploads\/2023\/05\/baleia-768x512.jpg 768w, https:\/\/noticiatotal.net\/wp-content\/uploads\/2023\/05\/baleia.jpg 1200w\" sizes=\"auto, (max-width: 1024px) 100vw, 1024px\" \/><figcaption id=\"caption-attachment-87\" class=\"wp-caption-text\"><span style=\"font-family: arial, helvetica, sans-serif;\">IMG AGRONEWS<\/span><\/figcaption><\/figure>\n<h3><span style=\"font-family: arial, helvetica, sans-serif;\">Baleia na Floresta Amaz\u00f4nica? Cientistas ficaram chocados<\/span><\/h3>\n<p>&nbsp;<\/p>\n<p><span style=\"font-family: arial, helvetica, sans-serif; font-size: 14pt;\">Uma ocorr\u00eancia surpreendente ocorreu em 2019 na Ilha de Maraj\u00f3, Par\u00e1. Neste incidente incomum, uma criatura imponente foi descoberta em meio \u00e0 densa vegeta\u00e7\u00e3o amaz\u00f4nica. O acontecimento intrigou cientistas, que buscaram entender os motivos que levaram uma criatura t\u00e3o peculiar a chegar \u00e0quela localidade. Assista ao v\u00eddeo a seguir para testemunhar o momento em que pesquisadores se depararam com essa inesperada presen\u00e7a animal. A natureza reserva surpresas intrigantes, desafiando nossa compreens\u00e3o sobre sua vasta diversidade.<\/span><\/p>\n<h3 class=\"wp-block-heading\"><span style=\"font-family: arial, helvetica, sans-serif;\">Baleia de 10 ton foi encontrada na Floresta Amaz\u00f4nica<\/span><\/h3>\n<p>&nbsp;<\/p>\n<p><span style=\"font-family: arial, helvetica, sans-serif; font-size: 14pt;\">Recentemente, ocorreu uma descoberta surpreendente na regi\u00e3o selvagem do Brasil. Inesperadamente, uma enorme criatura marinha, aproximadamente com 10 metros de comprimento, foi encontrada na Ilha de Maraj\u00f3, no estado do Par\u00e1. Essa descoberta incomum ocorreu a uma dist\u00e2ncia consider\u00e1vel de seu habitat natural. Curiosamente, foram os gritos dos abutres necr\u00f3fagos que chamaram a aten\u00e7\u00e3o das autoridades locais para essa extraordin\u00e1ria ocorr\u00eancia.<\/span><\/p>\n<h3><span style=\"font-family: arial, helvetica, sans-serif;\">Floresta Amaz\u00f4nica<\/span><\/h3>\n<p>&nbsp;<\/p>\n<p><span style=\"font-family: arial, helvetica, sans-serif; font-size: 14pt;\">N\u00e3o \u00e9 segredo que a exuberante floresta amaz\u00f4nica abriga uma ampla diversidade de vida, e uma recente descoberta deixou at\u00e9 mesmo especialistas em vida selvagem e bi\u00f3logos experientes perplexos. No meio da vegeta\u00e7\u00e3o densa da Ilha de Maraj\u00f3, localizada no Brasil, depararam-se com uma surpreendente carca\u00e7a de uma baleia jubarte, pesando impressionantes 10 toneladas.<\/span><\/p>\n<p><span style=\"font-family: arial, helvetica, sans-serif; font-size: 14pt;\">Hip\u00f3teses preliminares levantam a possibilidade de que a baleia tenha sido levada \u00e0 praia durante uma tempestade ou que j\u00e1 estivesse sem vida quando as mar\u00e9s altas a conduziram at\u00e9 a terra. No entanto, a forma como o animal conseguiu adentrar o interior da ilha e os motivos pelos quais estava nadando pr\u00f3ximo \u00e0 costa de Maraj\u00f3 permanecem um mist\u00e9rio, deixando os cientistas desconcertados.<\/span><\/p>\n<p>&nbsp;<\/p>\n<figure id=\"attachment_88\" aria-describedby=\"caption-attachment-88\" style=\"width: 1024px\" class=\"wp-caption alignnone\"><img loading=\"lazy\" decoding=\"async\" class=\"size-large wp-image-88\" src=\"https:\/\/noticiatotal.net\/wp-content\/uploads\/2023\/05\/baleia_2-1024x683.jpg\" alt=\"\" width=\"1024\" height=\"683\" srcset=\"https:\/\/noticiatotal.net\/wp-content\/uploads\/2023\/05\/baleia_2-1024x683.jpg 1024w, https:\/\/noticiatotal.net\/wp-content\/uploads\/2023\/05\/baleia_2-300x200.jpg 300w, https:\/\/noticiatotal.net\/wp-content\/uploads\/2023\/05\/baleia_2-768x512.jpg 768w, https:\/\/noticiatotal.net\/wp-content\/uploads\/2023\/05\/baleia_2.jpg 1200w\" sizes=\"auto, (max-width: 1024px) 100vw, 1024px\" \/><figcaption id=\"caption-attachment-88\" class=\"wp-caption-text\"><span style=\"font-family: arial, helvetica, sans-serif;\">REPRODU\u00c7\u00c3O O GLOBO<\/span><\/figcaption><\/figure>\n<p><span style=\"font-family: arial, helvetica, sans-serif; font-size: 14pt;\">Pesquisadores especializados em vida marinha do Instituto Bicho D&#8217;\u00e1gua, um grupo de conserva\u00e7\u00e3o local, est\u00e3o atualmente examinando minuciosamente a carca\u00e7a encontrada. Avalia\u00e7\u00f5es preliminares indicam que a baleia juvenil faleceu alguns dias antes de ser descoberta, a aproximadamente 15 metros da costa. A l\u00edder do projeto, Renata Emin, expressa seu fasc\u00ednio diante dessa descoberta e est\u00e1 intrigada com a jornada do mam\u00edfero.<\/span><\/p>\n<p><span style=\"font-family: arial, helvetica, sans-serif; font-size: 14pt;\">&#8220;Ainda n\u00e3o temos certeza de como ela chegou aqui, mas nossa suposi\u00e7\u00e3o \u00e9 que a criatura estava flutuando pr\u00f3xima \u00e0 costa e foi levada para o interior pelo manguezal devido \u00e0s mar\u00e9s consider\u00e1veis dos \u00faltimos dias&#8221;, observou Emin.<\/span><\/p>\n<p><span style=\"font-family: arial, helvetica, sans-serif; font-size: 14pt;\">&#8220;Al\u00e9m desse feito surpreendente, estamos perplexos com a presen\u00e7a de uma baleia jubarte na costa norte do Brasil em fevereiro, j\u00e1 que isso \u00e9 extremamente incomum&#8221;, acrescentou.<\/span><\/p>\n<p><span style=\"font-family: arial, helvetica, sans-serif; font-size: 14pt;\">Por meio das redes sociais, a ONG Bicho D&#8217;\u00c1gua tem compartilhado o trabalho de sua equipe na coleta de dados e amostras biol\u00f3gicas da baleia para futuras an\u00e1lises de necropsia, que ser\u00e3o realizadas em laborat\u00f3rios em Bel\u00e9m (PA) e Rio de Janeiro (RJ). Os resultados desse processo devem ser divulgados em aproximadamente uma semana.<\/span><\/p>\n<h3 class=\"wp-block-heading\"><span style=\"font-family: arial, helvetica, sans-serif;\">v\u00eddeo gravado pelos pesquisadores no momento do encontro com o animal:<\/span><\/h3>\n<div class=\"ast-oembed-container\" style=\"height: 100%;\"><iframe loading=\"lazy\" title=\"Baleia jubarte \u00e9 encontrada na mata de praia numa ilha do Maraj\u00f3, no Par\u00e1\" width=\"500\" height=\"281\" src=\"https:\/\/www.youtube.com\/embed\/5B7NeYUOV8g?feature=oembed\" frameborder=\"0\" allow=\"accelerometer; autoplay; clipboard-write; encrypted-media; gyroscope; picture-in-picture; web-share\" referrerpolicy=\"strict-origin-when-cross-origin\" allowfullscreen><\/iframe><\/div>\n<p><span style=\"font-family: arial, helvetica, sans-serif; font-size: 14pt;\">\u00c9 incomum encontrar baleias jubarte ao norte, perto da foz do rio Amazonas, pois normalmente elas s\u00e3o avistadas no final do ver\u00e3o e no outono, mas em regi\u00f5es mais ao sul. Renata Emin sugeriu que o jovem animal pode ter se separado de sua m\u00e3e, embora a causa exata de sua morte ainda seja desconhecida.<\/span><\/p>\n<p><span style=\"font-family: arial, helvetica, sans-serif; font-size: 14pt;\">&#8220;Devido ao est\u00e1gio de decomposi\u00e7\u00e3o, algumas informa\u00e7\u00f5es podem ter sido perdidas&#8221;, afirmou Emin. &#8220;Estamos coletando o m\u00e1ximo de informa\u00e7\u00f5es poss\u00edvel, examinando o corpo em busca de marcas e ferimentos para determinar se a baleia ficou presa em uma rede ou foi atingida por uma embarca\u00e7\u00e3o.&#8221;<\/span><\/p>\n<p><span style=\"font-family: arial, helvetica, sans-serif; font-size: 14pt;\">Dirlene Silva, funcion\u00e1ria do Departamento de Estado, explicou que o acesso \u00e0 carca\u00e7a e \u00e0 regi\u00e3o onde ela foi encontrada \u00e9 extremamente dif\u00edcil, o que exigiu desmont\u00e1-la e examin\u00e1-la no pr\u00f3prio local.<\/span><\/p>\n<p><span style=\"font-family: arial, helvetica, sans-serif; font-size: 14pt;\">&#8220;A \u00e1rea \u00e9 de dif\u00edcil acesso, n\u00e3o podemos enviar um trator porque n\u00e3o h\u00e1 passagem&#8221;, disse Silva. &#8220;Remov\u00ea-la \u00e9 imposs\u00edvel. Para chegar at\u00e9 l\u00e1, precisamos atravessar p\u00e2ntanos.&#8221;<\/span><\/p>\n<figure id=\"attachment_89\" aria-describedby=\"caption-attachment-89\" style=\"width: 1024px\" class=\"wp-caption alignnone\"><img loading=\"lazy\" decoding=\"async\" class=\"wp-image-89 size-large\" src=\"https:\/\/noticiatotal.net\/wp-content\/uploads\/2023\/05\/baleia_3-1024x683.jpg\" alt=\"\" width=\"1024\" height=\"683\" srcset=\"https:\/\/noticiatotal.net\/wp-content\/uploads\/2023\/05\/baleia_3-1024x683.jpg 1024w, https:\/\/noticiatotal.net\/wp-content\/uploads\/2023\/05\/baleia_3-300x200.jpg 300w, https:\/\/noticiatotal.net\/wp-content\/uploads\/2023\/05\/baleia_3-768x512.jpg 768w, https:\/\/noticiatotal.net\/wp-content\/uploads\/2023\/05\/baleia_3.jpg 1200w\" sizes=\"auto, (max-width: 1024px) 100vw, 1024px\" \/><figcaption id=\"caption-attachment-89\" class=\"wp-caption-text\"><span style=\"font-family: arial, helvetica, sans-serif;\">REPRODU\u00c7\u00c3O O GLOBO<\/span><\/figcaption><\/figure>\n<h3 class=\"wp-block-heading\"><span style=\"font-family: arial, helvetica, sans-serif;\">A \u00e1rea onde a carca\u00e7a foi encontrada<\/span><\/h3>\n<p>&nbsp;<\/p>\n<p><span style=\"font-family: arial, helvetica, sans-serif; font-size: 14pt;\">Devido ao tamanho e peso consider\u00e1veis da carca\u00e7a, atualmente n\u00e3o h\u00e1 planos para sua remo\u00e7\u00e3o. Em vez disso, os pesquisadores optar\u00e3o por enterrar a maior parte do animal, enquanto o esqueleto ser\u00e1 encaminhado ao Museu de Hist\u00f3ria Natural Goeldi, localizado em Bel\u00e9m, para estudos futuros.<\/span><\/p>\n<p><span style=\"font-family: arial, helvetica, sans-serif; font-size: 14pt;\">Essa medida ser\u00e1 um importante passo para desvendar os mist\u00e9rios que envolvem a triste hist\u00f3ria dessa baleia jubarte, embora, no momento, ningu\u00e9m tenha conhecimento preciso do que aconteceu.<\/span><\/p>\n<p><span style=\"font-family: arial, helvetica, sans-serif; font-size: 14pt;\">De acordo com Dirlene Silva, secret\u00e1ria de meio ambiente do munic\u00edpio de Soure, n\u00e3o ser\u00e1 vi\u00e1vel enterrar ou remover o animal do local. Os especialistas do Museu Em\u00edlio Goeldi, em Bel\u00e9m, tamb\u00e9m est\u00e3o envolvidos no caso e est\u00e3o empenhados em conseguir a retirada dos ossos para an\u00e1lises mais aprofundadas.<\/span><\/p>\n","protected":false},"excerpt":{"rendered":"<p>Baleia na Floresta Amaz\u00f4nica? Cientistas ficaram chocados &nbsp; Uma ocorr\u00eancia surpreendente ocorreu em 2019 na Ilha de Maraj\u00f3, Par\u00e1. Neste incidente incomum, uma criatura imponente foi descoberta em meio \u00e0 densa vegeta\u00e7\u00e3o amaz\u00f4nica. O acontecimento intrigou cientistas, que buscaram entender os motivos que levaram uma criatura t\u00e3o peculiar a chegar \u00e0quela localidade. Assista ao v\u00eddeo &hellip;<\/p>\n<p class=\"read-more\"> <a class=\"\" href=\"https:\/\/noticiatotal.net\/index.php\/2023\/05\/26\/baleia-na-floresta-amazonica-cientistas-ficaram-chocados-veja-mais\/\"> <span class=\"screen-reader-text\">Baleia na Floresta Amaz\u00f4nica? Cientistas ficaram chocados. VEJA MAIS&#8230;<\/span> Leia mais &raquo;<\/a><\/p>\n","protected":false},"author":1,"featured_media":87,"comment_status":"closed","ping_status":"open","sticky":false,"template":"","format":"standard","meta":{"site-sidebar-layout":"default","site-content-layout":"default","ast-global-header-display":"","ast-banner-title-visibility":"","ast-main-header-display":"","ast-hfb-above-header-display":"","ast-hfb-below-header-display":"","ast-hfb-mobile-header-display":"","site-post-title":"","ast-breadcrumbs-content":"","ast-featured-img":"","footer-sml-layout":"","theme-transparent-header-meta":"default","adv-header-id-meta":"","stick-header-meta":"","header-above-stick-meta":"","header-main-stick-meta":"","header-below-stick-meta":"","footnotes":""},"categories":[7],"tags":[],"class_list":["post-86","post","type-post","status-publish","format-standard","has-post-thumbnail","hentry","category-brasil"],"yoast_head":"<!-- This site is optimized with the Yoast SEO plugin v21.5 - https:\/\/yoast.com\/wordpress\/plugins\/seo\/ -->\n<title>Baleia na Floresta Amaz\u00f4nica? Cientistas ficaram chocados. VEJA MAIS... - NOTICIA TOTAL<\/title>\n<meta name=\"description\" content=\"Uma ocorr\u00eancia surpreendente ocorreu em 2019 na Ilha de Maraj\u00f3, Par\u00e1. Neste incidente incomum, uma criatura imponente foi descoberta em\" \/>\n<meta name=\"robots\" content=\"index, follow, max-snippet:-1, max-image-preview:large, max-video-preview:-1\" \/>\n<link rel=\"canonical\" href=\"https:\/\/noticiatotal.net\/index.php\/2023\/05\/26\/baleia-na-floresta-amazonica-cientistas-ficaram-chocados-veja-mais\/\" \/>\n<meta property=\"og:locale\" content=\"pt_BR\" \/>\n<meta property=\"og:type\" content=\"article\" \/>\n<meta property=\"og:title\" content=\"Baleia na Floresta Amaz\u00f4nica? Cientistas ficaram chocados. VEJA MAIS... - NOTICIA TOTAL\" \/>\n<meta property=\"og:description\" content=\"Uma ocorr\u00eancia surpreendente ocorreu em 2019 na Ilha de Maraj\u00f3, Par\u00e1. Neste incidente incomum, uma criatura imponente foi descoberta em\" \/>\n<meta property=\"og:url\" content=\"https:\/\/noticiatotal.net\/index.php\/2023\/05\/26\/baleia-na-floresta-amazonica-cientistas-ficaram-chocados-veja-mais\/\" \/>\n<meta property=\"og:site_name\" content=\"NOTICIA TOTAL\" \/>\n<meta property=\"article:published_time\" content=\"2023-05-27T02:09:47+00:00\" \/>\n<meta property=\"article:modified_time\" content=\"2023-06-23T00:09:33+00:00\" \/>\n<meta property=\"og:image\" content=\"https:\/\/noticiatotal.net\/wp-content\/uploads\/2023\/05\/baleia.jpg\" \/>\n\t<meta property=\"og:image:width\" content=\"1200\" \/>\n\t<meta property=\"og:image:height\" content=\"800\" \/>\n\t<meta property=\"og:image:type\" content=\"image\/jpeg\" \/>\n<meta name=\"author\" content=\"lucasfernandomoura\" \/>\n<meta name=\"twitter:card\" content=\"summary_large_image\" \/>\n<meta name=\"twitter:label1\" content=\"Escrito por\" \/>\n\t<meta name=\"twitter:data1\" content=\"lucasfernandomoura\" \/>\n\t<meta name=\"twitter:label2\" content=\"Est. tempo de leitura\" \/>\n\t<meta name=\"twitter:data2\" content=\"5 minutos\" \/>\n<script type=\"application\/ld+json\" class=\"yoast-schema-graph\">{\"@context\":\"https:\/\/schema.org\",\"@graph\":[{\"@type\":\"WebPage\",\"@id\":\"https:\/\/noticiatotal.net\/index.php\/2023\/05\/26\/baleia-na-floresta-amazonica-cientistas-ficaram-chocados-veja-mais\/\",\"url\":\"https:\/\/noticiatotal.net\/index.php\/2023\/05\/26\/baleia-na-floresta-amazonica-cientistas-ficaram-chocados-veja-mais\/\",\"name\":\"Baleia na Floresta Amaz\u00f4nica? Cientistas ficaram chocados. VEJA MAIS... - NOTICIA TOTAL\",\"isPartOf\":{\"@id\":\"https:\/\/noticiatotal.net\/#website\"},\"datePublished\":\"2023-05-27T02:09:47+00:00\",\"dateModified\":\"2023-06-23T00:09:33+00:00\",\"author\":{\"@id\":\"https:\/\/noticiatotal.net\/#\/schema\/person\/cad5b22920df7ae426c485cabbe44fdd\"},\"description\":\"Uma ocorr\u00eancia surpreendente ocorreu em 2019 na Ilha de Maraj\u00f3, Par\u00e1. Neste incidente incomum, uma criatura imponente foi descoberta em\",\"breadcrumb\":{\"@id\":\"https:\/\/noticiatotal.net\/index.php\/2023\/05\/26\/baleia-na-floresta-amazonica-cientistas-ficaram-chocados-veja-mais\/#breadcrumb\"},\"inLanguage\":\"pt-BR\",\"potentialAction\":[{\"@type\":\"ReadAction\",\"target\":[\"https:\/\/noticiatotal.net\/index.php\/2023\/05\/26\/baleia-na-floresta-amazonica-cientistas-ficaram-chocados-veja-mais\/\"]}]},{\"@type\":\"BreadcrumbList\",\"@id\":\"https:\/\/noticiatotal.net\/index.php\/2023\/05\/26\/baleia-na-floresta-amazonica-cientistas-ficaram-chocados-veja-mais\/#breadcrumb\",\"itemListElement\":[{\"@type\":\"ListItem\",\"position\":1,\"name\":\"In\u00edcio\",\"item\":\"https:\/\/noticiatotal.net\/\"},{\"@type\":\"ListItem\",\"position\":2,\"name\":\"Baleia na Floresta Amaz\u00f4nica? Cientistas ficaram chocados. VEJA MAIS&#8230;\"}]},{\"@type\":\"WebSite\",\"@id\":\"https:\/\/noticiatotal.net\/#website\",\"url\":\"https:\/\/noticiatotal.net\/\",\"name\":\"NOTICIA TOTAL\",\"description\":\"noticiatotal.net\",\"potentialAction\":[{\"@type\":\"SearchAction\",\"target\":{\"@type\":\"EntryPoint\",\"urlTemplate\":\"https:\/\/noticiatotal.net\/?s={search_term_string}\"},\"query-input\":\"required name=search_term_string\"}],\"inLanguage\":\"pt-BR\"},{\"@type\":\"Person\",\"@id\":\"https:\/\/noticiatotal.net\/#\/schema\/person\/cad5b22920df7ae426c485cabbe44fdd\",\"name\":\"lucasfernandomoura\",\"image\":{\"@type\":\"ImageObject\",\"inLanguage\":\"pt-BR\",\"@id\":\"https:\/\/noticiatotal.net\/#\/schema\/person\/image\/\",\"url\":\"https:\/\/secure.gravatar.com\/avatar\/48496aac2517819aa249e82567f65879bbafd2aa97f45449f4c5a7d823e60786?s=96&d=mm&r=g\",\"contentUrl\":\"https:\/\/secure.gravatar.com\/avatar\/48496aac2517819aa249e82567f65879bbafd2aa97f45449f4c5a7d823e60786?s=96&d=mm&r=g\",\"caption\":\"lucasfernandomoura\"},\"sameAs\":[\"https:\/\/noticiatotal.net\"],\"url\":\"https:\/\/noticiatotal.net\/index.php\/author\/lucasfernandomoura\/\"}]}<\/script>\n<!-- \/ Yoast SEO plugin. -->","yoast_head_json":{"title":"Baleia na Floresta Amaz\u00f4nica? Cientistas ficaram chocados. VEJA MAIS... - NOTICIA TOTAL","description":"Uma ocorr\u00eancia surpreendente ocorreu em 2019 na Ilha de Maraj\u00f3, Par\u00e1. Neste incidente incomum, uma criatura imponente foi descoberta em","robots":{"index":"index","follow":"follow","max-snippet":"max-snippet:-1","max-image-preview":"max-image-preview:large","max-video-preview":"max-video-preview:-1"},"canonical":"https:\/\/noticiatotal.net\/index.php\/2023\/05\/26\/baleia-na-floresta-amazonica-cientistas-ficaram-chocados-veja-mais\/","og_locale":"pt_BR","og_type":"article","og_title":"Baleia na Floresta Amaz\u00f4nica? Cientistas ficaram chocados. VEJA MAIS... - NOTICIA TOTAL","og_description":"Uma ocorr\u00eancia surpreendente ocorreu em 2019 na Ilha de Maraj\u00f3, Par\u00e1. Neste incidente incomum, uma criatura imponente foi descoberta em","og_url":"https:\/\/noticiatotal.net\/index.php\/2023\/05\/26\/baleia-na-floresta-amazonica-cientistas-ficaram-chocados-veja-mais\/","og_site_name":"NOTICIA TOTAL","article_published_time":"2023-05-27T02:09:47+00:00","article_modified_time":"2023-06-23T00:09:33+00:00","og_image":[{"width":1200,"height":800,"url":"https:\/\/noticiatotal.net\/wp-content\/uploads\/2023\/05\/baleia.jpg","type":"image\/jpeg"}],"author":"lucasfernandomoura","twitter_card":"summary_large_image","twitter_misc":{"Escrito por":"lucasfernandomoura","Est. tempo de leitura":"5 minutos"},"schema":{"@context":"https:\/\/schema.org","@graph":[{"@type":"WebPage","@id":"https:\/\/noticiatotal.net\/index.php\/2023\/05\/26\/baleia-na-floresta-amazonica-cientistas-ficaram-chocados-veja-mais\/","url":"https:\/\/noticiatotal.net\/index.php\/2023\/05\/26\/baleia-na-floresta-amazonica-cientistas-ficaram-chocados-veja-mais\/","name":"Baleia na Floresta Amaz\u00f4nica? Cientistas ficaram chocados. VEJA MAIS... - NOTICIA TOTAL","isPartOf":{"@id":"https:\/\/noticiatotal.net\/#website"},"datePublished":"2023-05-27T02:09:47+00:00","dateModified":"2023-06-23T00:09:33+00:00","author":{"@id":"https:\/\/noticiatotal.net\/#\/schema\/person\/cad5b22920df7ae426c485cabbe44fdd"},"description":"Uma ocorr\u00eancia surpreendente ocorreu em 2019 na Ilha de Maraj\u00f3, Par\u00e1. Neste incidente incomum, uma criatura imponente foi descoberta em","breadcrumb":{"@id":"https:\/\/noticiatotal.net\/index.php\/2023\/05\/26\/baleia-na-floresta-amazonica-cientistas-ficaram-chocados-veja-mais\/#breadcrumb"},"inLanguage":"pt-BR","potentialAction":[{"@type":"ReadAction","target":["https:\/\/noticiatotal.net\/index.php\/2023\/05\/26\/baleia-na-floresta-amazonica-cientistas-ficaram-chocados-veja-mais\/"]}]},{"@type":"BreadcrumbList","@id":"https:\/\/noticiatotal.net\/index.php\/2023\/05\/26\/baleia-na-floresta-amazonica-cientistas-ficaram-chocados-veja-mais\/#breadcrumb","itemListElement":[{"@type":"ListItem","position":1,"name":"In\u00edcio","item":"https:\/\/noticiatotal.net\/"},{"@type":"ListItem","position":2,"name":"Baleia na Floresta Amaz\u00f4nica? Cientistas ficaram chocados. VEJA MAIS&#8230;"}]},{"@type":"WebSite","@id":"https:\/\/noticiatotal.net\/#website","url":"https:\/\/noticiatotal.net\/","name":"NOTICIA TOTAL","description":"noticiatotal.net","potentialAction":[{"@type":"SearchAction","target":{"@type":"EntryPoint","urlTemplate":"https:\/\/noticiatotal.net\/?s={search_term_string}"},"query-input":"required name=search_term_string"}],"inLanguage":"pt-BR"},{"@type":"Person","@id":"https:\/\/noticiatotal.net\/#\/schema\/person\/cad5b22920df7ae426c485cabbe44fdd","name":"lucasfernandomoura","image":{"@type":"ImageObject","inLanguage":"pt-BR","@id":"https:\/\/noticiatotal.net\/#\/schema\/person\/image\/","url":"https:\/\/secure.gravatar.com\/avatar\/48496aac2517819aa249e82567f65879bbafd2aa97f45449f4c5a7d823e60786?s=96&d=mm&r=g","contentUrl":"https:\/\/secure.gravatar.com\/avatar\/48496aac2517819aa249e82567f65879bbafd2aa97f45449f4c5a7d823e60786?s=96&d=mm&r=g","caption":"lucasfernandomoura"},"sameAs":["https:\/\/noticiatotal.net"],"url":"https:\/\/noticiatotal.net\/index.php\/author\/lucasfernandomoura\/"}]}},"amp_enabled":true,"_links":{"self":[{"href":"https:\/\/noticiatotal.net\/index.php\/wp-json\/wp\/v2\/posts\/86","targetHints":{"allow":["GET"]}}],"collection":[{"href":"https:\/\/noticiatotal.net\/index.php\/wp-json\/wp\/v2\/posts"}],"about":[{"href":"https:\/\/noticiatotal.net\/index.php\/wp-json\/wp\/v2\/types\/post"}],"author":[{"embeddable":true,"href":"https:\/\/noticiatotal.net\/index.php\/wp-json\/wp\/v2\/users\/1"}],"replies":[{"embeddable":true,"href":"https:\/\/noticiatotal.net\/index.php\/wp-json\/wp\/v2\/comments?post=86"}],"version-history":[{"count":1,"href":"https:\/\/noticiatotal.net\/index.php\/wp-json\/wp\/v2\/posts\/86\/revisions"}],"predecessor-version":[{"id":90,"href":"https:\/\/noticiatotal.net\/index.php\/wp-json\/wp\/v2\/posts\/86\/revisions\/90"}],"wp:featuredmedia":[{"embeddable":true,"href":"https:\/\/noticiatotal.net\/index.php\/wp-json\/wp\/v2\/media\/87"}],"wp:attachment":[{"href":"https:\/\/noticiatotal.net\/index.php\/wp-json\/wp\/v2\/media?parent=86"}],"wp:term":[{"taxonomy":"category","embeddable":true,"href":"https:\/\/noticiatotal.net\/index.php\/wp-json\/wp\/v2\/categories?post=86"},{"taxonomy":"post_tag","embeddable":true,"href":"https:\/\/noticiatotal.net\/index.php\/wp-json\/wp\/v2\/tags?post=86"}],"curies":[{"name":"wp","href":"https:\/\/api.w.org\/{rel}","templated":true}]}}