{"id":95,"date":"2023-05-28T19:44:10","date_gmt":"2023-05-28T22:44:10","guid":{"rendered":"https:\/\/noticiatotal.net\/?p=95"},"modified":"2023-06-22T21:09:45","modified_gmt":"2023-06-23T00:09:45","slug":"homem-paraplegico-caminha-apos-bluetooth-veja-mais","status":"publish","type":"post","link":"https:\/\/noticiatotal.net\/index.php\/2023\/05\/28\/homem-paraplegico-caminha-apos-bluetooth-veja-mais\/","title":{"rendered":"Homem parapl\u00e9gico caminha ap\u00f3s bluetooth &#8230; VEJA MAIS&#8230;"},"content":{"rendered":"<h3><span style=\"font-family: arial, helvetica, sans-serif;\">Homem parapl\u00e9gico caminha ap\u00f3s bluetooth conectar seu c\u00e9rebro e coluna<\/span><\/h3>\n<pre id=\"tw-target-text\" class=\"tw-data-text tw-text-large tw-ta\" dir=\"ltr\" data-placeholder=\"Tradu\u00e7\u00e3o\"><span class=\"Y2IQFc\" lang=\"pt\" style=\"font-family: arial, helvetica, sans-serif; font-size: 14pt;\">Gra\u00e7as aos implantes, o Sr. Oskam n\u00e3o s\u00f3 voltou a andar, mas tamb\u00e9m apresentou sinais de melhora neurol\u00f3gica.<\/span><\/pre>\n<figure id=\"attachment_96\" aria-describedby=\"caption-attachment-96\" style=\"width: 1024px\" class=\"wp-caption alignnone\"><img loading=\"lazy\" decoding=\"async\" class=\"size-large wp-image-96\" src=\"https:\/\/noticiatotal.net\/wp-content\/uploads\/2023\/05\/parali-1024x683.jpg\" alt=\"\" width=\"1024\" height=\"683\" srcset=\"https:\/\/noticiatotal.net\/wp-content\/uploads\/2023\/05\/parali-1024x683.jpg 1024w, https:\/\/noticiatotal.net\/wp-content\/uploads\/2023\/05\/parali-300x200.jpg 300w, https:\/\/noticiatotal.net\/wp-content\/uploads\/2023\/05\/parali-768x512.jpg 768w, https:\/\/noticiatotal.net\/wp-content\/uploads\/2023\/05\/parali.jpg 1200w\" sizes=\"auto, (max-width: 1024px) 100vw, 1024px\" \/><figcaption id=\"caption-attachment-96\" class=\"wp-caption-text\"><span style=\"font-family: arial, helvetica, sans-serif;\">Reprodu\u00e7\u00e3o TikTok<\/span><\/figcaption><\/figure>\n<p><span style=\"font-size: 14pt; font-family: arial, helvetica, sans-serif;\">Ap\u00f3s a implanta\u00e7\u00e3o de um dispositivo que monitora as atividades cerebrais e estimula os m\u00fasculos atrav\u00e9s da coluna vertebral, um indiv\u00edduo anteriormente paralisado devido a um acidente de bicicleta em 2011 agora \u00e9 capaz de manter-se ereto e locomover-se com assist\u00eancia. Gert-Jan Oskam, com 40 anos de idade, sofreu uma les\u00e3o no pesco\u00e7o em um acidente automobil\u00edstico na China e foi informado de que nunca mais recuperaria a capacidade de andar. No entanto, gra\u00e7as a esse procedimento, ele foi capaz de subir escadas e percorrer mais de 100 metros em cada ocasi\u00e3o.<\/span><\/p>\n<p>&nbsp;<\/p>\n<h3><span style=\"font-family: arial, helvetica, sans-serif;\">VIVENDO A EXPERIENCIA<\/span><\/h3>\n<p>&nbsp;<\/p>\n<p><span style=\"font-family: arial, helvetica, sans-serif; font-size: 14pt;\">H\u00e1 mais de dez anos, Gert-Jan Oskam, com 40 anos de idade, sofreu um acidente de motocicleta na China que resultou em paralisia. Al\u00e9m de comprometer suas pernas, seus bra\u00e7os e tronco tamb\u00e9m foram afetados.<\/span><br \/>\n<span style=\"font-family: arial, helvetica, sans-serif; font-size: 14pt;\">Oskam, um cidad\u00e3o holand\u00eas, compartilhou: &#8220;H\u00e1 alguns meses, tive a oportunidade de, pela primeira vez em uma d\u00e9cada, erguer-me e desfrutar de uma cerveja com meus amigos&#8221;. Foi uma experi\u00eancia incr\u00edvel. A mais recente inova\u00e7\u00e3o realizada por um grupo de neurocientistas su\u00ed\u00e7os \u00e9 a &#8220;ponte digital&#8221;, parte de um projeto de longo prazo destinado a desenvolver interfaces c\u00e9rebro-m\u00e1quina para tratar a paralisia. O objetivo principal desse projeto \u00e9 utilizar sinais sem fio para reestabelecer a comunica\u00e7\u00e3o entre o c\u00e9rebro e os m\u00fasculos que se tornam inativos quando os neur\u00f4nios da medula espinhal s\u00e3o danificados. Gra\u00e7as aos implantes, o Sr. Oskam n\u00e3o apenas recuperou a capacidade de caminhar, mas tamb\u00e9m demonstrou sinais de melhoria neurol\u00f3gica. Mesmo quando os implantes s\u00e3o desativados, ele ainda consegue se locomover com a ajuda de muletas.<\/span><\/p>\n<p>&nbsp;<\/p>\n<h3><span style=\"font-family: arial, helvetica, sans-serif;\">LES\u00d5ES NA MEDULA<\/span><\/h3>\n<p>&nbsp;<\/p>\n<p><span style=\"font-family: arial, helvetica, sans-serif; font-size: 14pt;\">Les\u00f5es traum\u00e1ticas na medula espinhal t\u00eam o potencial de interromper a comunica\u00e7\u00e3o entre o c\u00e9rebro e uma regi\u00e3o espec\u00edfica da medula respons\u00e1vel pelo controle da locomo\u00e7\u00e3o, causando paralisia. No entanto, por meio da aplica\u00e7\u00e3o de implantes revolucion\u00e1rios que evitam \u00e1reas problem\u00e1ticas de forma estrat\u00e9gica, \u00e9 poss\u00edvel restabelecer essa conex\u00e3o.<\/span><\/p>\n<p>&nbsp;<\/p>\n<h3><span style=\"font-family: arial, helvetica, sans-serif;\">O ESTUDO NA MEDULA<\/span><\/h3>\n<p>&nbsp;<\/p>\n<p><span style=\"font-size: 14pt; font-family: arial, helvetica, sans-serif;\">Gr\u00e9goire Courtine, um renomado pesquisador especializado em estudos da medula espinhal no Instituto Federal Su\u00ed\u00e7o de Tecnologia em Lausanne, desempenhou um papel crucial no avan\u00e7o desses implantes. Ele enfatizou que esses dispositivos s\u00e3o capazes de interpretar de forma eficaz os sinais neurais de Gert-Jan, convertendo-os em est\u00edmulos el\u00e9tricos aplicados \u00e0 medula espinhal. Essa abordagem possibilita a restaura\u00e7\u00e3o do movimento volunt\u00e1rio.<\/span><\/p>\n<figure id=\"attachment_97\" aria-describedby=\"caption-attachment-97\" style=\"width: 1024px\" class=\"wp-caption alignnone\"><img loading=\"lazy\" decoding=\"async\" class=\"size-large wp-image-97\" src=\"https:\/\/noticiatotal.net\/wp-content\/uploads\/2023\/05\/parali_2-1024x683.jpg\" alt=\"\" width=\"1024\" height=\"683\" srcset=\"https:\/\/noticiatotal.net\/wp-content\/uploads\/2023\/05\/parali_2-1024x683.jpg 1024w, https:\/\/noticiatotal.net\/wp-content\/uploads\/2023\/05\/parali_2-300x200.jpg 300w, https:\/\/noticiatotal.net\/wp-content\/uploads\/2023\/05\/parali_2-768x512.jpg 768w, https:\/\/noticiatotal.net\/wp-content\/uploads\/2023\/05\/parali_2.jpg 1200w\" sizes=\"auto, (max-width: 1024px) 100vw, 1024px\" \/><figcaption id=\"caption-attachment-97\" class=\"wp-caption-text\"><span style=\"font-family: arial, helvetica, sans-serif;\">Gert-Jan Oskam, com 40 anos de idade, foi submetido a um implante inovador que envolve o c\u00e9rebro e a medula espinhal como parte de um estudo experimental.<\/span><\/figcaption><\/figure>\n<p>&nbsp;<\/p>\n<h3><span style=\"font-family: arial, helvetica, sans-serif;\">OTIMISTAS<\/span><\/h3>\n<p>&nbsp;<\/p>\n<p><span style=\"font-family: arial, helvetica, sans-serif; font-size: 14pt;\">Ap\u00f3s a realiza\u00e7\u00e3o das cirurgias para implantar os dispositivos, os canais de comunica\u00e7\u00e3o neurol\u00f3gica foram estabelecidos de forma \u00e1gil. Durante um dia de treinamento, Oskam j\u00e1 estava dando passos significativos.<\/span><\/p>\n<p><span style=\"font-family: arial, helvetica, sans-serif; font-size: 14pt;\">Essa conex\u00e3o continuou a ser confi\u00e1vel por mais de um ano, mesmo durante o per\u00edodo em que Oskam estava em casa. Al\u00e9m de caminhar de forma independente com a assist\u00eancia da &#8220;ponte digital&#8221;, ele tamb\u00e9m ganhou for\u00e7a suficiente para dar alguns passos mesmo quando o sistema estava desligado.<\/span><\/p>\n<p><span style=\"font-family: arial, helvetica, sans-serif; font-size: 14pt;\">Embora Oskam tenha sido o primeiro participante desse estudo, os pesquisadores est\u00e3o otimistas quanto \u00e0s possibilidades futuras. Essa pesquisa valida a perspectiva de reconstruir uma conex\u00e3o neurol\u00f3gica entre o c\u00e9rebro e a medula espinhal, e essa conex\u00e3o se estabelece rapidamente. A amplia\u00e7\u00e3o dessa conex\u00e3o pode tamb\u00e9m beneficiar pessoas com paralisia no bra\u00e7o, m\u00e3o ou que sofreram um acidente vascular cerebral.<\/span><\/p>\n<p><span style=\"font-family: arial, helvetica, sans-serif; font-size: 14pt;\">No entanto, os pesquisadores desejam reduzir o tamanho do sistema para torn\u00e1-lo mais port\u00e1til. Eles afirmam que o conceito de uma &#8220;ponte digital&#8221; entre o c\u00e9rebro e a medula espinhal representa o in\u00edcio de uma nova era no tratamento de d\u00e9ficits motores causados por dist\u00farbios neurol\u00f3gicos, como mencionado em sua publica\u00e7\u00e3o.<\/span><\/p>\n","protected":false},"excerpt":{"rendered":"<p>Homem parapl\u00e9gico caminha ap\u00f3s bluetooth conectar seu c\u00e9rebro e coluna Gra\u00e7as aos implantes, o Sr. Oskam n\u00e3o s\u00f3 voltou a andar, mas tamb\u00e9m apresentou sinais de melhora neurol\u00f3gica. Ap\u00f3s a implanta\u00e7\u00e3o de um dispositivo que monitora as atividades cerebrais e estimula os m\u00fasculos atrav\u00e9s da coluna vertebral, um indiv\u00edduo anteriormente paralisado devido a um acidente &hellip;<\/p>\n<p class=\"read-more\"> <a class=\"\" href=\"https:\/\/noticiatotal.net\/index.php\/2023\/05\/28\/homem-paraplegico-caminha-apos-bluetooth-veja-mais\/\"> <span class=\"screen-reader-text\">Homem parapl\u00e9gico caminha ap\u00f3s bluetooth &#8230; VEJA MAIS&#8230;<\/span> Leia mais &raquo;<\/a><\/p>\n","protected":false},"author":1,"featured_media":96,"comment_status":"closed","ping_status":"open","sticky":false,"template":"","format":"standard","meta":{"site-sidebar-layout":"default","site-content-layout":"default","ast-global-header-display":"","ast-banner-title-visibility":"","ast-main-header-display":"","ast-hfb-above-header-display":"","ast-hfb-below-header-display":"","ast-hfb-mobile-header-display":"","site-post-title":"","ast-breadcrumbs-content":"","ast-featured-img":"","footer-sml-layout":"","theme-transparent-header-meta":"default","adv-header-id-meta":"","stick-header-meta":"","header-above-stick-meta":"","header-main-stick-meta":"","header-below-stick-meta":"","footnotes":""},"categories":[8],"tags":[],"class_list":["post-95","post","type-post","status-publish","format-standard","has-post-thumbnail","hentry","category-mundo"],"yoast_head":"<!-- This site is optimized with the Yoast SEO plugin v21.5 - https:\/\/yoast.com\/wordpress\/plugins\/seo\/ -->\n<title>Homem parapl\u00e9gico caminha ap\u00f3s bluetooth ... VEJA MAIS... - NOTICIA TOTAL<\/title>\n<meta name=\"description\" content=\"Homem parapl\u00e9gico caminha ap\u00f3s bluetooth. Ap\u00f3s a implanta\u00e7\u00e3o de um dispositivo que monitora as atividades cerebrais e estimula os m\u00fasculos a\" \/>\n<meta name=\"robots\" content=\"index, follow, max-snippet:-1, max-image-preview:large, max-video-preview:-1\" \/>\n<link rel=\"canonical\" href=\"https:\/\/noticiatotal.net\/index.php\/2023\/05\/28\/homem-paraplegico-caminha-apos-bluetooth-veja-mais\/\" \/>\n<meta property=\"og:locale\" content=\"pt_BR\" \/>\n<meta property=\"og:type\" content=\"article\" \/>\n<meta property=\"og:title\" content=\"Homem parapl\u00e9gico caminha ap\u00f3s bluetooth ... VEJA MAIS... - NOTICIA TOTAL\" \/>\n<meta property=\"og:description\" content=\"Homem parapl\u00e9gico caminha ap\u00f3s bluetooth. Ap\u00f3s a implanta\u00e7\u00e3o de um dispositivo que monitora as atividades cerebrais e estimula os m\u00fasculos a\" \/>\n<meta property=\"og:url\" content=\"https:\/\/noticiatotal.net\/index.php\/2023\/05\/28\/homem-paraplegico-caminha-apos-bluetooth-veja-mais\/\" \/>\n<meta property=\"og:site_name\" content=\"NOTICIA TOTAL\" \/>\n<meta property=\"article:published_time\" content=\"2023-05-28T22:44:10+00:00\" \/>\n<meta property=\"article:modified_time\" content=\"2023-06-23T00:09:45+00:00\" \/>\n<meta property=\"og:image\" content=\"https:\/\/noticiatotal.net\/wp-content\/uploads\/2023\/05\/parali.jpg\" \/>\n\t<meta property=\"og:image:width\" content=\"1200\" \/>\n\t<meta property=\"og:image:height\" content=\"800\" \/>\n\t<meta property=\"og:image:type\" content=\"image\/jpeg\" \/>\n<meta name=\"author\" content=\"lucasfernandomoura\" \/>\n<meta name=\"twitter:card\" content=\"summary_large_image\" \/>\n<meta name=\"twitter:label1\" content=\"Escrito por\" \/>\n\t<meta name=\"twitter:data1\" content=\"lucasfernandomoura\" \/>\n\t<meta name=\"twitter:label2\" content=\"Est. tempo de leitura\" \/>\n\t<meta name=\"twitter:data2\" content=\"4 minutos\" \/>\n<script type=\"application\/ld+json\" class=\"yoast-schema-graph\">{\"@context\":\"https:\/\/schema.org\",\"@graph\":[{\"@type\":\"WebPage\",\"@id\":\"https:\/\/noticiatotal.net\/index.php\/2023\/05\/28\/homem-paraplegico-caminha-apos-bluetooth-veja-mais\/\",\"url\":\"https:\/\/noticiatotal.net\/index.php\/2023\/05\/28\/homem-paraplegico-caminha-apos-bluetooth-veja-mais\/\",\"name\":\"Homem parapl\u00e9gico caminha ap\u00f3s bluetooth ... VEJA MAIS... - NOTICIA TOTAL\",\"isPartOf\":{\"@id\":\"https:\/\/noticiatotal.net\/#website\"},\"datePublished\":\"2023-05-28T22:44:10+00:00\",\"dateModified\":\"2023-06-23T00:09:45+00:00\",\"author\":{\"@id\":\"https:\/\/noticiatotal.net\/#\/schema\/person\/cad5b22920df7ae426c485cabbe44fdd\"},\"description\":\"Homem parapl\u00e9gico caminha ap\u00f3s bluetooth. Ap\u00f3s a implanta\u00e7\u00e3o de um dispositivo que monitora as atividades cerebrais e estimula os m\u00fasculos a\",\"breadcrumb\":{\"@id\":\"https:\/\/noticiatotal.net\/index.php\/2023\/05\/28\/homem-paraplegico-caminha-apos-bluetooth-veja-mais\/#breadcrumb\"},\"inLanguage\":\"pt-BR\",\"potentialAction\":[{\"@type\":\"ReadAction\",\"target\":[\"https:\/\/noticiatotal.net\/index.php\/2023\/05\/28\/homem-paraplegico-caminha-apos-bluetooth-veja-mais\/\"]}]},{\"@type\":\"BreadcrumbList\",\"@id\":\"https:\/\/noticiatotal.net\/index.php\/2023\/05\/28\/homem-paraplegico-caminha-apos-bluetooth-veja-mais\/#breadcrumb\",\"itemListElement\":[{\"@type\":\"ListItem\",\"position\":1,\"name\":\"In\u00edcio\",\"item\":\"https:\/\/noticiatotal.net\/\"},{\"@type\":\"ListItem\",\"position\":2,\"name\":\"Homem parapl\u00e9gico caminha ap\u00f3s bluetooth &#8230; VEJA MAIS&#8230;\"}]},{\"@type\":\"WebSite\",\"@id\":\"https:\/\/noticiatotal.net\/#website\",\"url\":\"https:\/\/noticiatotal.net\/\",\"name\":\"NOTICIA TOTAL\",\"description\":\"noticiatotal.net\",\"potentialAction\":[{\"@type\":\"SearchAction\",\"target\":{\"@type\":\"EntryPoint\",\"urlTemplate\":\"https:\/\/noticiatotal.net\/?s={search_term_string}\"},\"query-input\":\"required name=search_term_string\"}],\"inLanguage\":\"pt-BR\"},{\"@type\":\"Person\",\"@id\":\"https:\/\/noticiatotal.net\/#\/schema\/person\/cad5b22920df7ae426c485cabbe44fdd\",\"name\":\"lucasfernandomoura\",\"image\":{\"@type\":\"ImageObject\",\"inLanguage\":\"pt-BR\",\"@id\":\"https:\/\/noticiatotal.net\/#\/schema\/person\/image\/\",\"url\":\"https:\/\/secure.gravatar.com\/avatar\/48496aac2517819aa249e82567f65879bbafd2aa97f45449f4c5a7d823e60786?s=96&d=mm&r=g\",\"contentUrl\":\"https:\/\/secure.gravatar.com\/avatar\/48496aac2517819aa249e82567f65879bbafd2aa97f45449f4c5a7d823e60786?s=96&d=mm&r=g\",\"caption\":\"lucasfernandomoura\"},\"sameAs\":[\"https:\/\/noticiatotal.net\"],\"url\":\"https:\/\/noticiatotal.net\/index.php\/author\/lucasfernandomoura\/\"}]}<\/script>\n<!-- \/ Yoast SEO plugin. -->","yoast_head_json":{"title":"Homem parapl\u00e9gico caminha ap\u00f3s bluetooth ... VEJA MAIS... - NOTICIA TOTAL","description":"Homem parapl\u00e9gico caminha ap\u00f3s bluetooth. Ap\u00f3s a implanta\u00e7\u00e3o de um dispositivo que monitora as atividades cerebrais e estimula os m\u00fasculos a","robots":{"index":"index","follow":"follow","max-snippet":"max-snippet:-1","max-image-preview":"max-image-preview:large","max-video-preview":"max-video-preview:-1"},"canonical":"https:\/\/noticiatotal.net\/index.php\/2023\/05\/28\/homem-paraplegico-caminha-apos-bluetooth-veja-mais\/","og_locale":"pt_BR","og_type":"article","og_title":"Homem parapl\u00e9gico caminha ap\u00f3s bluetooth ... VEJA MAIS... - NOTICIA TOTAL","og_description":"Homem parapl\u00e9gico caminha ap\u00f3s bluetooth. Ap\u00f3s a implanta\u00e7\u00e3o de um dispositivo que monitora as atividades cerebrais e estimula os m\u00fasculos a","og_url":"https:\/\/noticiatotal.net\/index.php\/2023\/05\/28\/homem-paraplegico-caminha-apos-bluetooth-veja-mais\/","og_site_name":"NOTICIA TOTAL","article_published_time":"2023-05-28T22:44:10+00:00","article_modified_time":"2023-06-23T00:09:45+00:00","og_image":[{"width":1200,"height":800,"url":"https:\/\/noticiatotal.net\/wp-content\/uploads\/2023\/05\/parali.jpg","type":"image\/jpeg"}],"author":"lucasfernandomoura","twitter_card":"summary_large_image","twitter_misc":{"Escrito por":"lucasfernandomoura","Est. tempo de leitura":"4 minutos"},"schema":{"@context":"https:\/\/schema.org","@graph":[{"@type":"WebPage","@id":"https:\/\/noticiatotal.net\/index.php\/2023\/05\/28\/homem-paraplegico-caminha-apos-bluetooth-veja-mais\/","url":"https:\/\/noticiatotal.net\/index.php\/2023\/05\/28\/homem-paraplegico-caminha-apos-bluetooth-veja-mais\/","name":"Homem parapl\u00e9gico caminha ap\u00f3s bluetooth ... VEJA MAIS... - NOTICIA TOTAL","isPartOf":{"@id":"https:\/\/noticiatotal.net\/#website"},"datePublished":"2023-05-28T22:44:10+00:00","dateModified":"2023-06-23T00:09:45+00:00","author":{"@id":"https:\/\/noticiatotal.net\/#\/schema\/person\/cad5b22920df7ae426c485cabbe44fdd"},"description":"Homem parapl\u00e9gico caminha ap\u00f3s bluetooth. Ap\u00f3s a implanta\u00e7\u00e3o de um dispositivo que monitora as atividades cerebrais e estimula os m\u00fasculos a","breadcrumb":{"@id":"https:\/\/noticiatotal.net\/index.php\/2023\/05\/28\/homem-paraplegico-caminha-apos-bluetooth-veja-mais\/#breadcrumb"},"inLanguage":"pt-BR","potentialAction":[{"@type":"ReadAction","target":["https:\/\/noticiatotal.net\/index.php\/2023\/05\/28\/homem-paraplegico-caminha-apos-bluetooth-veja-mais\/"]}]},{"@type":"BreadcrumbList","@id":"https:\/\/noticiatotal.net\/index.php\/2023\/05\/28\/homem-paraplegico-caminha-apos-bluetooth-veja-mais\/#breadcrumb","itemListElement":[{"@type":"ListItem","position":1,"name":"In\u00edcio","item":"https:\/\/noticiatotal.net\/"},{"@type":"ListItem","position":2,"name":"Homem parapl\u00e9gico caminha ap\u00f3s bluetooth &#8230; VEJA MAIS&#8230;"}]},{"@type":"WebSite","@id":"https:\/\/noticiatotal.net\/#website","url":"https:\/\/noticiatotal.net\/","name":"NOTICIA TOTAL","description":"noticiatotal.net","potentialAction":[{"@type":"SearchAction","target":{"@type":"EntryPoint","urlTemplate":"https:\/\/noticiatotal.net\/?s={search_term_string}"},"query-input":"required name=search_term_string"}],"inLanguage":"pt-BR"},{"@type":"Person","@id":"https:\/\/noticiatotal.net\/#\/schema\/person\/cad5b22920df7ae426c485cabbe44fdd","name":"lucasfernandomoura","image":{"@type":"ImageObject","inLanguage":"pt-BR","@id":"https:\/\/noticiatotal.net\/#\/schema\/person\/image\/","url":"https:\/\/secure.gravatar.com\/avatar\/48496aac2517819aa249e82567f65879bbafd2aa97f45449f4c5a7d823e60786?s=96&d=mm&r=g","contentUrl":"https:\/\/secure.gravatar.com\/avatar\/48496aac2517819aa249e82567f65879bbafd2aa97f45449f4c5a7d823e60786?s=96&d=mm&r=g","caption":"lucasfernandomoura"},"sameAs":["https:\/\/noticiatotal.net"],"url":"https:\/\/noticiatotal.net\/index.php\/author\/lucasfernandomoura\/"}]}},"amp_enabled":true,"_links":{"self":[{"href":"https:\/\/noticiatotal.net\/index.php\/wp-json\/wp\/v2\/posts\/95","targetHints":{"allow":["GET"]}}],"collection":[{"href":"https:\/\/noticiatotal.net\/index.php\/wp-json\/wp\/v2\/posts"}],"about":[{"href":"https:\/\/noticiatotal.net\/index.php\/wp-json\/wp\/v2\/types\/post"}],"author":[{"embeddable":true,"href":"https:\/\/noticiatotal.net\/index.php\/wp-json\/wp\/v2\/users\/1"}],"replies":[{"embeddable":true,"href":"https:\/\/noticiatotal.net\/index.php\/wp-json\/wp\/v2\/comments?post=95"}],"version-history":[{"count":1,"href":"https:\/\/noticiatotal.net\/index.php\/wp-json\/wp\/v2\/posts\/95\/revisions"}],"predecessor-version":[{"id":98,"href":"https:\/\/noticiatotal.net\/index.php\/wp-json\/wp\/v2\/posts\/95\/revisions\/98"}],"wp:featuredmedia":[{"embeddable":true,"href":"https:\/\/noticiatotal.net\/index.php\/wp-json\/wp\/v2\/media\/96"}],"wp:attachment":[{"href":"https:\/\/noticiatotal.net\/index.php\/wp-json\/wp\/v2\/media?parent=95"}],"wp:term":[{"taxonomy":"category","embeddable":true,"href":"https:\/\/noticiatotal.net\/index.php\/wp-json\/wp\/v2\/categories?post=95"},{"taxonomy":"post_tag","embeddable":true,"href":"https:\/\/noticiatotal.net\/index.php\/wp-json\/wp\/v2\/tags?post=95"}],"curies":[{"name":"wp","href":"https:\/\/api.w.org\/{rel}","templated":true}]}}